{"id":1607,"date":"2015-12-19T12:04:14","date_gmt":"2015-12-19T12:04:14","guid":{"rendered":"http:\/\/centralmedia.rs\/?p=1607"},"modified":"2015-12-19T12:04:14","modified_gmt":"2015-12-19T12:04:14","slug":"fondacija-dokovic-paketici-i-deda-mraz-za-ostavljenu-decu","status":"publish","type":"post","link":"https:\/\/centralmedia.rs\/index.php\/2015\/12\/19\/fondacija-dokovic-paketici-i-deda-mraz-za-ostavljenu-decu\/","title":{"rendered":"FONDACIJA \u0110OKOVI\u0106-PAKETI\u0106I I DEDA MRAZ ZA OSTAVLJENU DECU"},"content":{"rendered":"<p>\u0106UPRIJA-Novak \u0110okovi\u0107 Fondacija u nedelju uru\u010duje novogodi\u0161nje paketi\u0107e za 175. dece iz hraniteljskih porodica Centra za socijalni rad iz Kru\u0161evca i Centra za porodi\u010dni sme\u0161taj i usvojenje iz \u0106uprije. Program dodele paketi\u0107a predvi\u0111en je za 12 sati u Muzi\u010dkoj \u0161koli ,,Du\u0161an Skovran&#8221;.<br \/>\n-Akcija dodele paketi\u0107a, koja se, ina\u010de, organizuje tre\u0107u godinu za redom, obuhvati\u0107e 175 mali\u0161ana uzrasta od 3 do 10 godina, kao i njihove hranitelje sa ciljem da im novogodi\u0161nje praznike u\u010dini \u0161to radosnijim i doprinese prazni\u010dnoj atmosferi, stoji u saop\u0161tenju te fondacije.<br \/>\nZa mali\u0161ane \u0107e biti organizovana novogodi\u0161nja predstava, a posle toga dodela paketi\u0107a i slikanje sa Deda Mrazom.<\/p>\n","protected":false},"excerpt":{"rendered":"<p>\u0106UPRIJA-Novak \u0110okovi\u0107 Fondacija u nedelju uru\u010duje novogodi\u0161nje paketi\u0107e za 175. dece iz hraniteljskih porodica Centra za socijalni rad iz Kru\u0161evca i Centra za porodi\u010dni sme\u0161taj &hellip; <\/p>\n","protected":false},"author":4,"featured_media":0,"comment_status":"open","ping_status":"open","sticky":false,"template":"","format":"standard","meta":{"footnotes":""},"categories":[2,12,30],"tags":[44,171,378,379],"_links":{"self":[{"href":"https:\/\/centralmedia.rs\/index.php\/wp-json\/wp\/v2\/posts\/1607"}],"collection":[{"href":"https:\/\/centralmedia.rs\/index.php\/wp-json\/wp\/v2\/posts"}],"about":[{"href":"https:\/\/centralmedia.rs\/index.php\/wp-json\/wp\/v2\/types\/post"}],"author":[{"embeddable":true,"href":"https:\/\/centralmedia.rs\/index.php\/wp-json\/wp\/v2\/users\/4"}],"replies":[{"embeddable":true,"href":"https:\/\/centralmedia.rs\/index.php\/wp-json\/wp\/v2\/comments?post=1607"}],"version-history":[{"count":0,"href":"https:\/\/centralmedia.rs\/index.php\/wp-json\/wp\/v2\/posts\/1607\/revisions"}],"wp:attachment":[{"href":"https:\/\/centralmedia.rs\/index.php\/wp-json\/wp\/v2\/media?parent=1607"}],"wp:term":[{"taxonomy":"category","embeddable":true,"href":"https:\/\/centralmedia.rs\/index.php\/wp-json\/wp\/v2\/categories?post=1607"},{"taxonomy":"post_tag","embeddable":true,"href":"https:\/\/centralmedia.rs\/index.php\/wp-json\/wp\/v2\/tags?post=1607"}],"curies":[{"name":"wp","href":"https:\/\/api.w.org\/{rel}","templated":true}]}}