{"id":16105,"date":"2019-02-04T17:51:40","date_gmt":"2019-02-04T17:51:40","guid":{"rendered":"http:\/\/centralmedia.rs\/?p=16105"},"modified":"2019-02-08T15:24:38","modified_gmt":"2019-02-08T15:24:38","slug":"humanitarni-koncert-za-milu","status":"publish","type":"post","link":"https:\/\/centralmedia.rs\/index.php\/2019\/02\/04\/humanitarni-koncert-za-milu\/","title":{"rendered":"HUMANITARNI KONCERT ZA MILU"},"content":{"rendered":"<p>PARA\u0106IN- U\u010denici \u0160kole za muzi\u010dke talente iz \u0106uprije pozivaju na humanitarni koncert za trogodi\u0161nju Milu Radojlovi\u0107 iz Para\u0107ina. Pozori\u0161te u Para\u0107inu nedelja, \u00a019.februar u 20 \u010dasova.<\/p>\n<p>Trogodi\u0161nja\u00a0Mila Radojlovi\u0107\u00a0ima tumor na mozgu. Klinika u \u0160vajcarskoj je jedina koja je prihvatila da operi\u0161e ovu milu devoj\u010dicu, i da garantuje pozitivan ishod, ali samo depozit za operaciju iznosi 100 000 chf.<br \/>\nSvoje uplate mo\u017eete izvr\u0161iti i na ra\u010dune:<br \/>\nDinarski \u2013 355-3200690832-21<br \/>\nDevizni \u2013 35355000320069319028<br \/>\nNa ime\u00a0Radojlovi\u0107\u00a0Mila.<\/p>\n<p>Priloge u gotovini mo\u017eete ostaviti u kutije na vi\u0161e javnih mesta u Para\u0107inu.<\/p>\n<p><img loading=\"lazy\" decoding=\"async\" class=\"alignnone wp-image-16106 size-full\" src=\"http:\/\/centralmedia.rs\/wp-content\/uploads\/2019\/02\/talenti.jpg\" alt=\"\" width=\"651\" height=\"960\" srcset=\"https:\/\/centralmedia.rs\/wp-content\/uploads\/2019\/02\/talenti.jpg 651w, https:\/\/centralmedia.rs\/wp-content\/uploads\/2019\/02\/talenti-203x300.jpg 203w, https:\/\/centralmedia.rs\/wp-content\/uploads\/2019\/02\/talenti-285x420.jpg 285w, https:\/\/centralmedia.rs\/wp-content\/uploads\/2019\/02\/talenti-640x944.jpg 640w\" sizes=\"(max-width: 651px) 100vw, 651px\" \/><\/p>\n","protected":false},"excerpt":{"rendered":"<p>PARA\u0106IN- U\u010denici \u0160kole za muzi\u010dke talente iz \u0106uprije pozivaju na humanitarni koncert za trogodi\u0161nju Milu Radojlovi\u0107 iz Para\u0107ina. Pozori\u0161te u Para\u0107inu nedelja, \u00a019.februar u 20 &hellip; <\/p>\n","protected":false},"author":2,"featured_media":16106,"comment_status":"open","ping_status":"open","sticky":false,"template":"","format":"standard","meta":{"footnotes":""},"categories":[14,1524,2,1516],"tags":[44,3472,156,1364],"_links":{"self":[{"href":"https:\/\/centralmedia.rs\/index.php\/wp-json\/wp\/v2\/posts\/16105"}],"collection":[{"href":"https:\/\/centralmedia.rs\/index.php\/wp-json\/wp\/v2\/posts"}],"about":[{"href":"https:\/\/centralmedia.rs\/index.php\/wp-json\/wp\/v2\/types\/post"}],"author":[{"embeddable":true,"href":"https:\/\/centralmedia.rs\/index.php\/wp-json\/wp\/v2\/users\/2"}],"replies":[{"embeddable":true,"href":"https:\/\/centralmedia.rs\/index.php\/wp-json\/wp\/v2\/comments?post=16105"}],"version-history":[{"count":2,"href":"https:\/\/centralmedia.rs\/index.php\/wp-json\/wp\/v2\/posts\/16105\/revisions"}],"predecessor-version":[{"id":16108,"href":"https:\/\/centralmedia.rs\/index.php\/wp-json\/wp\/v2\/posts\/16105\/revisions\/16108"}],"wp:featuredmedia":[{"embeddable":true,"href":"https:\/\/centralmedia.rs\/index.php\/wp-json\/wp\/v2\/media\/16106"}],"wp:attachment":[{"href":"https:\/\/centralmedia.rs\/index.php\/wp-json\/wp\/v2\/media?parent=16105"}],"wp:term":[{"taxonomy":"category","embeddable":true,"href":"https:\/\/centralmedia.rs\/index.php\/wp-json\/wp\/v2\/categories?post=16105"},{"taxonomy":"post_tag","embeddable":true,"href":"https:\/\/centralmedia.rs\/index.php\/wp-json\/wp\/v2\/tags?post=16105"}],"curies":[{"name":"wp","href":"https:\/\/api.w.org\/{rel}","templated":true}]}}