{"id":16120,"date":"2019-02-06T10:23:52","date_gmt":"2019-02-06T10:23:52","guid":{"rendered":"http:\/\/centralmedia.rs\/?p=16120"},"modified":"2019-02-08T15:24:00","modified_gmt":"2019-02-08T15:24:00","slug":"kongres-lokalnih-i-regionalnih-vlasti-sastanak-komiteta-za-monitoring-u-srbiji","status":"publish","type":"post","link":"https:\/\/centralmedia.rs\/index.php\/2019\/02\/06\/kongres-lokalnih-i-regionalnih-vlasti-sastanak-komiteta-za-monitoring-u-srbiji\/","title":{"rendered":"Kongres Lokalnih i Regionalnih Vlasti &#8211; Sastanak Komiteta za Monitoring u Srbiji"},"content":{"rendered":"<p>\u010clanovi\u00a0 Monitoring komiteta pri Kongresu Saveta Evrope, \u0107e se sastati sutra u Beogradu. \u00a0Oni \u0107e ispitati, u cilju odobravanja, izve\u0161taj o situaciji lokalne i regionalne demokratije u Poljskoj i Republici Moldaviji, kao i izve\u0161taj o izborima za kantonalne skup\u0161tine Federacije Bosne i Hercegovine. Ovi izve\u0161taji bi\u0107e predstavljeni na usvajanje na 36. sednici Kongresa, koja \u0107e biti odr\u017eana u Strazburu od 2. do 4. aprila. Osim toga, informativni izve\u0161taj \u00a0o lokalnim izborima u Poljskoj \u00a0bi\u0107e predstavljen za diskusiju u pogledu debate koja \u0107e se odr\u017eati tokom zasedanja u aprilu.<\/p>\n<p>Komitet \u0107e tako\u0111e diskutovati o procedurama monitoringa koji je u toku u vezi sa sprovo\u0111enjem Evropske povelje o lokalnoj samoupravi u Bosni i Hercegovini i Ruskoj Federaciji. O\u010dekuje se da se ovi izve\u0161taji\u00a0 podnesu na usvajanje na 37. sednici u oktobru.<\/p>\n<p>Kona\u010dno, u okviru aktivnosti Kongresa na promociji ljudskih prava na lokalnom i regionalnom nivou, Komitet \u0107e razgovarati o temama koje \u0107e biti obuhva\u0107ene u drugom tomu Priru\u010dnika o ljudskim pravima. Prvi tom, objavljen u novembru 2018.god., fokusira se na pravo na nediskriminaciju protiv tri grupe: izbeglica, azilanata i migranata; Roma i nomada; i LGBT osoba. To uklju\u010duje prezentaciju pravnog okvira i uloge koju lokalne i regionalne vlasti mogu da igraju, kao i 65 primera dobre prakse primenjenih u vi\u0161e od 25 zemalja.<\/p>\n","protected":false},"excerpt":{"rendered":"<p>\u010clanovi\u00a0 Monitoring komiteta pri Kongresu Saveta Evrope, \u0107e se sastati sutra u Beogradu. \u00a0Oni \u0107e ispitati, u cilju odobravanja, izve\u0161taj o situaciji lokalne i regionalne &hellip; <\/p>\n","protected":false},"author":2,"featured_media":16121,"comment_status":"open","ping_status":"open","sticky":false,"template":"","format":"standard","meta":{"footnotes":""},"categories":[2,13,12],"tags":[359,1950,2104],"_links":{"self":[{"href":"https:\/\/centralmedia.rs\/index.php\/wp-json\/wp\/v2\/posts\/16120"}],"collection":[{"href":"https:\/\/centralmedia.rs\/index.php\/wp-json\/wp\/v2\/posts"}],"about":[{"href":"https:\/\/centralmedia.rs\/index.php\/wp-json\/wp\/v2\/types\/post"}],"author":[{"embeddable":true,"href":"https:\/\/centralmedia.rs\/index.php\/wp-json\/wp\/v2\/users\/2"}],"replies":[{"embeddable":true,"href":"https:\/\/centralmedia.rs\/index.php\/wp-json\/wp\/v2\/comments?post=16120"}],"version-history":[{"count":1,"href":"https:\/\/centralmedia.rs\/index.php\/wp-json\/wp\/v2\/posts\/16120\/revisions"}],"predecessor-version":[{"id":16122,"href":"https:\/\/centralmedia.rs\/index.php\/wp-json\/wp\/v2\/posts\/16120\/revisions\/16122"}],"wp:featuredmedia":[{"embeddable":true,"href":"https:\/\/centralmedia.rs\/index.php\/wp-json\/wp\/v2\/media\/16121"}],"wp:attachment":[{"href":"https:\/\/centralmedia.rs\/index.php\/wp-json\/wp\/v2\/media?parent=16120"}],"wp:term":[{"taxonomy":"category","embeddable":true,"href":"https:\/\/centralmedia.rs\/index.php\/wp-json\/wp\/v2\/categories?post=16120"},{"taxonomy":"post_tag","embeddable":true,"href":"https:\/\/centralmedia.rs\/index.php\/wp-json\/wp\/v2\/tags?post=16120"}],"curies":[{"name":"wp","href":"https:\/\/api.w.org\/{rel}","templated":true}]}}