{"id":16123,"date":"2019-02-06T10:45:54","date_gmt":"2019-02-06T10:45:54","guid":{"rendered":"http:\/\/centralmedia.rs\/?p=16123"},"modified":"2019-02-08T15:24:11","modified_gmt":"2019-02-08T15:24:11","slug":"skola-glume-korisnickog-centra-u-svilajncu","status":"publish","type":"post","link":"https:\/\/centralmedia.rs\/index.php\/2019\/02\/06\/skola-glume-korisnickog-centra-u-svilajncu\/","title":{"rendered":"\u0160KOLA GLUME KORISNI\u010cKOG CENTRA U SVILAJNCU"},"content":{"rendered":"<p>SVILAJNAC- Polaznici \u0160kole glume Korisni\u010dkog centra i Omladinskog pozori\u0161ta iz Svilajnca sino\u0107 su odigrali premijeru predstave \u201eLjubinko i Desanka\u201c pred punom salom svilajna\u010dkog Centra za kulturu.<br \/>\nUloge su tuma\u010dili Ratomir Savi\u0107, Nata\u0161a Jogodi\u0107 i Tanja Nikoli\u0107, re\u017eiju potpisuje Mladen Miljkovi\u0107, dok je organizator Andrijana Jankovi\u0107.<\/p>\n<div id='gallery-1' class='gallery galleryid-16123 gallery-columns-3 gallery-size-full'><figure class='gallery-item'>\n\t\t\t<div class='gallery-icon landscape'>\n\t\t\t\t<a href='https:\/\/centralmedia.rs\/index.php\/2019\/02\/06\/skola-glume-korisnickog-centra-u-svilajncu\/lj-i-d-1\/'><img loading=\"lazy\" decoding=\"async\" width=\"2048\" height=\"1365\" src=\"https:\/\/centralmedia.rs\/wp-content\/uploads\/2019\/02\/lj-i-d-1.jpg\" class=\"attachment-full size-full\" alt=\"\" srcset=\"https:\/\/centralmedia.rs\/wp-content\/uploads\/2019\/02\/lj-i-d-1.jpg 2048w, https:\/\/centralmedia.rs\/wp-content\/uploads\/2019\/02\/lj-i-d-1-300x200.jpg 300w, https:\/\/centralmedia.rs\/wp-content\/uploads\/2019\/02\/lj-i-d-1-768x512.jpg 768w, https:\/\/centralmedia.rs\/wp-content\/uploads\/2019\/02\/lj-i-d-1-1024x683.jpg 1024w, https:\/\/centralmedia.rs\/wp-content\/uploads\/2019\/02\/lj-i-d-1-630x420.jpg 630w, https:\/\/centralmedia.rs\/wp-content\/uploads\/2019\/02\/lj-i-d-1-640x427.jpg 640w, https:\/\/centralmedia.rs\/wp-content\/uploads\/2019\/02\/lj-i-d-1-681x454.jpg 681w\" sizes=\"(max-width: 2048px) 100vw, 2048px\" \/><\/a>\n\t\t\t<\/div><\/figure><figure class='gallery-item'>\n\t\t\t<div class='gallery-icon landscape'>\n\t\t\t\t<a href='https:\/\/centralmedia.rs\/index.php\/2019\/02\/06\/skola-glume-korisnickog-centra-u-svilajncu\/lj-i-d-2\/'><img loading=\"lazy\" decoding=\"async\" width=\"2048\" height=\"1365\" src=\"https:\/\/centralmedia.rs\/wp-content\/uploads\/2019\/02\/lj-i-d-2.jpg\" class=\"attachment-full size-full\" alt=\"\" srcset=\"https:\/\/centralmedia.rs\/wp-content\/uploads\/2019\/02\/lj-i-d-2.jpg 2048w, https:\/\/centralmedia.rs\/wp-content\/uploads\/2019\/02\/lj-i-d-2-300x200.jpg 300w, https:\/\/centralmedia.rs\/wp-content\/uploads\/2019\/02\/lj-i-d-2-768x512.jpg 768w, https:\/\/centralmedia.rs\/wp-content\/uploads\/2019\/02\/lj-i-d-2-1024x683.jpg 1024w, https:\/\/centralmedia.rs\/wp-content\/uploads\/2019\/02\/lj-i-d-2-630x420.jpg 630w, https:\/\/centralmedia.rs\/wp-content\/uploads\/2019\/02\/lj-i-d-2-640x427.jpg 640w, https:\/\/centralmedia.rs\/wp-content\/uploads\/2019\/02\/lj-i-d-2-681x454.jpg 681w\" sizes=\"(max-width: 2048px) 100vw, 2048px\" \/><\/a>\n\t\t\t<\/div><\/figure><figure class='gallery-item'>\n\t\t\t<div class='gallery-icon landscape'>\n\t\t\t\t<a href='https:\/\/centralmedia.rs\/index.php\/2019\/02\/06\/skola-glume-korisnickog-centra-u-svilajncu\/lj-i-d\/'><img loading=\"lazy\" decoding=\"async\" width=\"2048\" height=\"1365\" src=\"https:\/\/centralmedia.rs\/wp-content\/uploads\/2019\/02\/lj-i-d.jpg\" class=\"attachment-full size-full\" alt=\"\" srcset=\"https:\/\/centralmedia.rs\/wp-content\/uploads\/2019\/02\/lj-i-d.jpg 2048w, https:\/\/centralmedia.rs\/wp-content\/uploads\/2019\/02\/lj-i-d-300x200.jpg 300w, https:\/\/centralmedia.rs\/wp-content\/uploads\/2019\/02\/lj-i-d-768x512.jpg 768w, https:\/\/centralmedia.rs\/wp-content\/uploads\/2019\/02\/lj-i-d-1024x683.jpg 1024w, https:\/\/centralmedia.rs\/wp-content\/uploads\/2019\/02\/lj-i-d-630x420.jpg 630w, https:\/\/centralmedia.rs\/wp-content\/uploads\/2019\/02\/lj-i-d-640x427.jpg 640w, https:\/\/centralmedia.rs\/wp-content\/uploads\/2019\/02\/lj-i-d-681x454.jpg 681w\" sizes=\"(max-width: 2048px) 100vw, 2048px\" \/><\/a>\n\t\t\t<\/div><\/figure>\n\t\t<\/div>\n\n","protected":false},"excerpt":{"rendered":"<p>SVILAJNAC- Polaznici \u0160kole glume Korisni\u010dkog centra i Omladinskog pozori\u0161ta iz Svilajnca sino\u0107 su odigrali premijeru predstave \u201eLjubinko i Desanka\u201c pred punom salom svilajna\u010dkog Centra za &hellip; <\/p>\n","protected":false},"author":2,"featured_media":16124,"comment_status":"open","ping_status":"open","sticky":false,"template":"","format":"standard","meta":{"footnotes":""},"categories":[1524,2,15,12,1517],"tags":[3478,3167,38],"_links":{"self":[{"href":"https:\/\/centralmedia.rs\/index.php\/wp-json\/wp\/v2\/posts\/16123"}],"collection":[{"href":"https:\/\/centralmedia.rs\/index.php\/wp-json\/wp\/v2\/posts"}],"about":[{"href":"https:\/\/centralmedia.rs\/index.php\/wp-json\/wp\/v2\/types\/post"}],"author":[{"embeddable":true,"href":"https:\/\/centralmedia.rs\/index.php\/wp-json\/wp\/v2\/users\/2"}],"replies":[{"embeddable":true,"href":"https:\/\/centralmedia.rs\/index.php\/wp-json\/wp\/v2\/comments?post=16123"}],"version-history":[{"count":1,"href":"https:\/\/centralmedia.rs\/index.php\/wp-json\/wp\/v2\/posts\/16123\/revisions"}],"predecessor-version":[{"id":16128,"href":"https:\/\/centralmedia.rs\/index.php\/wp-json\/wp\/v2\/posts\/16123\/revisions\/16128"}],"wp:featuredmedia":[{"embeddable":true,"href":"https:\/\/centralmedia.rs\/index.php\/wp-json\/wp\/v2\/media\/16124"}],"wp:attachment":[{"href":"https:\/\/centralmedia.rs\/index.php\/wp-json\/wp\/v2\/media?parent=16123"}],"wp:term":[{"taxonomy":"category","embeddable":true,"href":"https:\/\/centralmedia.rs\/index.php\/wp-json\/wp\/v2\/categories?post=16123"},{"taxonomy":"post_tag","embeddable":true,"href":"https:\/\/centralmedia.rs\/index.php\/wp-json\/wp\/v2\/tags?post=16123"}],"curies":[{"name":"wp","href":"https:\/\/api.w.org\/{rel}","templated":true}]}}