{"id":1613,"date":"2015-12-19T13:51:24","date_gmt":"2015-12-19T13:51:24","guid":{"rendered":"http:\/\/centralmedia.rs\/?p=1613"},"modified":"2015-12-19T13:51:24","modified_gmt":"2015-12-19T13:51:24","slug":"godisnji-koncert-baletskog-studija-perla","status":"publish","type":"post","link":"https:\/\/centralmedia.rs\/index.php\/2015\/12\/19\/godisnji-koncert-baletskog-studija-perla\/","title":{"rendered":"Godi\u0161nji koncert baletskog studija &#8220;Perla&#8221;"},"content":{"rendered":"<p>Baletski studio &#8221;Perla&#8221; poziva vas na prvi koncert &#8221;Kad porastem bi\u0107u balerina&#8221;.<\/p>\n<p>Koncert \u0107e se odr\u017eati u Kulturnom centru Jagodina,u nedelju 20. decembra 2015. godine sa po\u010detkom u 12 \u010dasova. Ulaz je besplatan.<\/p>\n<p>DOBRO DO\u0160LI!<\/p>\n","protected":false},"excerpt":{"rendered":"<p>Baletski studio &#8221;Perla&#8221; poziva vas na prvi koncert &#8221;Kad porastem bi\u0107u balerina&#8221;. Koncert \u0107e se odr\u017eati u Kulturnom centru Jagodina,u nedelju 20. decembra 2015. godine &hellip; <\/p>\n","protected":false},"author":4,"featured_media":1614,"comment_status":"open","ping_status":"open","sticky":false,"template":"","format":"standard","meta":{"footnotes":""},"categories":[2,15,12],"tags":[],"_links":{"self":[{"href":"https:\/\/centralmedia.rs\/index.php\/wp-json\/wp\/v2\/posts\/1613"}],"collection":[{"href":"https:\/\/centralmedia.rs\/index.php\/wp-json\/wp\/v2\/posts"}],"about":[{"href":"https:\/\/centralmedia.rs\/index.php\/wp-json\/wp\/v2\/types\/post"}],"author":[{"embeddable":true,"href":"https:\/\/centralmedia.rs\/index.php\/wp-json\/wp\/v2\/users\/4"}],"replies":[{"embeddable":true,"href":"https:\/\/centralmedia.rs\/index.php\/wp-json\/wp\/v2\/comments?post=1613"}],"version-history":[{"count":0,"href":"https:\/\/centralmedia.rs\/index.php\/wp-json\/wp\/v2\/posts\/1613\/revisions"}],"wp:featuredmedia":[{"embeddable":true,"href":"https:\/\/centralmedia.rs\/index.php\/wp-json\/wp\/v2\/media\/1614"}],"wp:attachment":[{"href":"https:\/\/centralmedia.rs\/index.php\/wp-json\/wp\/v2\/media?parent=1613"}],"wp:term":[{"taxonomy":"category","embeddable":true,"href":"https:\/\/centralmedia.rs\/index.php\/wp-json\/wp\/v2\/categories?post=1613"},{"taxonomy":"post_tag","embeddable":true,"href":"https:\/\/centralmedia.rs\/index.php\/wp-json\/wp\/v2\/tags?post=1613"}],"curies":[{"name":"wp","href":"https:\/\/api.w.org\/{rel}","templated":true}]}}