{"id":16132,"date":"2019-02-07T12:26:26","date_gmt":"2019-02-07T12:26:26","guid":{"rendered":"http:\/\/centralmedia.rs\/?p=16132"},"modified":"2019-02-14T00:06:16","modified_gmt":"2019-02-14T00:06:16","slug":"vukova-nagrada-biblioteci-u-despotovcu","status":"publish","type":"post","link":"https:\/\/centralmedia.rs\/index.php\/2019\/02\/07\/vukova-nagrada-biblioteci-u-despotovcu\/","title":{"rendered":"VUKOVA NAGRADA BIBLIOTECI U DESPOTOVCU"},"content":{"rendered":"<p>DESPOTOVAC- Narodna biblioteka Resavska \u0161kola iz Desporovac dobitnik je velikog priznanja ,,Vukove nagrade&#8221; za vi\u0161edecenijski doprinos kulturnom \u017eivotu Resave i Srbije. Na sve\u010danosti u zgradi Predsedni\u0161tva Srbije, uru\u010dene su plakete Vukove nagrade. U ime Narodne biblioteke \u201eResavska \u0161kola&#8221; nagradu je primila direktor Sanela Simi\u0107.<br \/>\nBbilioteka se zahvalila se svim svojim radnicima, koji su ovu ustanovu izgra\u0111ivali do ovog nivoa proteklih pet decenija, svim po\u0161tovaocima knjige, bez kojih biblioteka ne bi postojala, zavi\u010dajnim piscima i kulturnim radnicima, entuzijastima koji su osnivali velike i zapa\u017eane manifestacije u Despotovcu, kao \u0161to su \u201eDani srpskog duhovnog preobra\u017eenja&#8221; i me\u0111unarodni festival poezije \u201eSlovo ljubve&#8221;.<br \/>\nPosebna zahvalnost upu\u0107ena je uglednim knji\u017eevnicima, profesorima i nau\u010dnim radnicima koji su podr\u017eali predlog da despotova\u010dka Biblioteka dobije ovo visoko priznanje koje obavezuje na doslednost i predanost srpskoj kulturi.<\/p>\n<div id='gallery-1' class='gallery galleryid-16132 gallery-columns-3 gallery-size-full'><figure class='gallery-item'>\n\t\t\t<div class='gallery-icon landscape'>\n\t\t\t\t<a href='https:\/\/centralmedia.rs\/index.php\/2019\/02\/07\/vukova-nagrada-biblioteci-u-despotovcu\/biblioteka-2-3\/'><img loading=\"lazy\" decoding=\"async\" width=\"2048\" height=\"1407\" src=\"https:\/\/centralmedia.rs\/wp-content\/uploads\/2019\/02\/biblioteka-2.jpg\" class=\"attachment-full size-full\" alt=\"\" srcset=\"https:\/\/centralmedia.rs\/wp-content\/uploads\/2019\/02\/biblioteka-2.jpg 2048w, https:\/\/centralmedia.rs\/wp-content\/uploads\/2019\/02\/biblioteka-2-300x206.jpg 300w, https:\/\/centralmedia.rs\/wp-content\/uploads\/2019\/02\/biblioteka-2-768x528.jpg 768w, https:\/\/centralmedia.rs\/wp-content\/uploads\/2019\/02\/biblioteka-2-1024x704.jpg 1024w, https:\/\/centralmedia.rs\/wp-content\/uploads\/2019\/02\/biblioteka-2-611x420.jpg 611w, https:\/\/centralmedia.rs\/wp-content\/uploads\/2019\/02\/biblioteka-2-640x440.jpg 640w, https:\/\/centralmedia.rs\/wp-content\/uploads\/2019\/02\/biblioteka-2-681x468.jpg 681w\" sizes=\"(max-width: 2048px) 100vw, 2048px\" \/><\/a>\n\t\t\t<\/div><\/figure><figure class='gallery-item'>\n\t\t\t<div class='gallery-icon landscape'>\n\t\t\t\t<a href='https:\/\/centralmedia.rs\/index.php\/2019\/02\/07\/vukova-nagrada-biblioteci-u-despotovcu\/biblioteka-3-2\/'><img loading=\"lazy\" decoding=\"async\" width=\"2048\" height=\"1607\" src=\"https:\/\/centralmedia.rs\/wp-content\/uploads\/2019\/02\/biblioteka-3.jpg\" class=\"attachment-full size-full\" alt=\"\" srcset=\"https:\/\/centralmedia.rs\/wp-content\/uploads\/2019\/02\/biblioteka-3.jpg 2048w, https:\/\/centralmedia.rs\/wp-content\/uploads\/2019\/02\/biblioteka-3-300x235.jpg 300w, https:\/\/centralmedia.rs\/wp-content\/uploads\/2019\/02\/biblioteka-3-768x603.jpg 768w, https:\/\/centralmedia.rs\/wp-content\/uploads\/2019\/02\/biblioteka-3-1024x804.jpg 1024w, https:\/\/centralmedia.rs\/wp-content\/uploads\/2019\/02\/biblioteka-3-535x420.jpg 535w, https:\/\/centralmedia.rs\/wp-content\/uploads\/2019\/02\/biblioteka-3-640x502.jpg 640w, https:\/\/centralmedia.rs\/wp-content\/uploads\/2019\/02\/biblioteka-3-681x534.jpg 681w, https:\/\/centralmedia.rs\/wp-content\/uploads\/2019\/02\/biblioteka-3-511x400.jpg 511w\" sizes=\"(max-width: 2048px) 100vw, 2048px\" \/><\/a>\n\t\t\t<\/div><\/figure><figure class='gallery-item'>\n\t\t\t<div class='gallery-icon landscape'>\n\t\t\t\t<a href='https:\/\/centralmedia.rs\/index.php\/2019\/02\/07\/vukova-nagrada-biblioteci-u-despotovcu\/biblioteka-6\/'><img loading=\"lazy\" decoding=\"async\" width=\"2048\" height=\"1126\" src=\"https:\/\/centralmedia.rs\/wp-content\/uploads\/2019\/02\/biblioteka.jpg\" class=\"attachment-full size-full\" alt=\"\" srcset=\"https:\/\/centralmedia.rs\/wp-content\/uploads\/2019\/02\/biblioteka.jpg 2048w, https:\/\/centralmedia.rs\/wp-content\/uploads\/2019\/02\/biblioteka-300x165.jpg 300w, https:\/\/centralmedia.rs\/wp-content\/uploads\/2019\/02\/biblioteka-768x422.jpg 768w, https:\/\/centralmedia.rs\/wp-content\/uploads\/2019\/02\/biblioteka-1024x563.jpg 1024w, https:\/\/centralmedia.rs\/wp-content\/uploads\/2019\/02\/biblioteka-764x420.jpg 764w, https:\/\/centralmedia.rs\/wp-content\/uploads\/2019\/02\/biblioteka-640x352.jpg 640w, https:\/\/centralmedia.rs\/wp-content\/uploads\/2019\/02\/biblioteka-681x374.jpg 681w\" sizes=\"(max-width: 2048px) 100vw, 2048px\" \/><\/a>\n\t\t\t<\/div><\/figure>\n\t\t<\/div>\n\n","protected":false},"excerpt":{"rendered":"<p>DESPOTOVAC- Narodna biblioteka Resavska \u0161kola iz Desporovac dobitnik je velikog priznanja ,,Vukove nagrade&#8221; za vi\u0161edecenijski doprinos kulturnom \u017eivotu Resave i Srbije. Na sve\u010danosti u zgradi &hellip; <\/p>\n","protected":false},"author":2,"featured_media":16133,"comment_status":"open","ping_status":"open","sticky":false,"template":"","format":"standard","meta":{"footnotes":""},"categories":[1518,1524,2,15,12],"tags":[879,51,3479],"_links":{"self":[{"href":"https:\/\/centralmedia.rs\/index.php\/wp-json\/wp\/v2\/posts\/16132"}],"collection":[{"href":"https:\/\/centralmedia.rs\/index.php\/wp-json\/wp\/v2\/posts"}],"about":[{"href":"https:\/\/centralmedia.rs\/index.php\/wp-json\/wp\/v2\/types\/post"}],"author":[{"embeddable":true,"href":"https:\/\/centralmedia.rs\/index.php\/wp-json\/wp\/v2\/users\/2"}],"replies":[{"embeddable":true,"href":"https:\/\/centralmedia.rs\/index.php\/wp-json\/wp\/v2\/comments?post=16132"}],"version-history":[{"count":1,"href":"https:\/\/centralmedia.rs\/index.php\/wp-json\/wp\/v2\/posts\/16132\/revisions"}],"predecessor-version":[{"id":16137,"href":"https:\/\/centralmedia.rs\/index.php\/wp-json\/wp\/v2\/posts\/16132\/revisions\/16137"}],"wp:featuredmedia":[{"embeddable":true,"href":"https:\/\/centralmedia.rs\/index.php\/wp-json\/wp\/v2\/media\/16133"}],"wp:attachment":[{"href":"https:\/\/centralmedia.rs\/index.php\/wp-json\/wp\/v2\/media?parent=16132"}],"wp:term":[{"taxonomy":"category","embeddable":true,"href":"https:\/\/centralmedia.rs\/index.php\/wp-json\/wp\/v2\/categories?post=16132"},{"taxonomy":"post_tag","embeddable":true,"href":"https:\/\/centralmedia.rs\/index.php\/wp-json\/wp\/v2\/tags?post=16132"}],"curies":[{"name":"wp","href":"https:\/\/api.w.org\/{rel}","templated":true}]}}