{"id":16147,"date":"2019-02-08T11:35:49","date_gmt":"2019-02-08T11:35:49","guid":{"rendered":"http:\/\/centralmedia.rs\/?p=16147"},"modified":"2019-02-14T00:06:57","modified_gmt":"2019-02-14T00:06:57","slug":"zlatiborska-19-prsutijada-2","status":"publish","type":"post","link":"https:\/\/centralmedia.rs\/index.php\/2019\/02\/08\/zlatiborska-19-prsutijada-2\/","title":{"rendered":"ZLATIBORSKA 19. PR\u0160UTIJADA"},"content":{"rendered":"<p>\u010cAJETINA- Sve\u010dano otvaranje 19. Sajma suvomesnatih proizvoda &#8220;Pr\u0161utijada 2019.&#8221; u subotu u 11 \u010dasova u porti crkve Sv.proroka Ilije u Ma\u010dkatu na Zlatiboru. 19. Pr\u0161utijada na Zlatiboru bi\u0107e odr\u017eana od 9. do 11. februara. Organizatori najavljuju dodelu nagrada za najbolje pr\u0161utare, nagradnu igru, truba\u010dki orkestar Igora Mitri\u0107a iz Sirogojna i kulturno-umetni\u010dki program.<\/p>\n<p><img loading=\"lazy\" decoding=\"async\" class=\"alignnone wp-image-16148 size-large\" src=\"http:\/\/centralmedia.rs\/wp-content\/uploads\/2019\/02\/Prsutijada-XIX-landscape-1024x768.jpg\" alt=\"\" width=\"640\" height=\"480\" srcset=\"https:\/\/centralmedia.rs\/wp-content\/uploads\/2019\/02\/Prsutijada-XIX-landscape-1024x768.jpg 1024w, https:\/\/centralmedia.rs\/wp-content\/uploads\/2019\/02\/Prsutijada-XIX-landscape-300x225.jpg 300w, https:\/\/centralmedia.rs\/wp-content\/uploads\/2019\/02\/Prsutijada-XIX-landscape-768x576.jpg 768w, https:\/\/centralmedia.rs\/wp-content\/uploads\/2019\/02\/Prsutijada-XIX-landscape-560x420.jpg 560w, https:\/\/centralmedia.rs\/wp-content\/uploads\/2019\/02\/Prsutijada-XIX-landscape-80x60.jpg 80w, https:\/\/centralmedia.rs\/wp-content\/uploads\/2019\/02\/Prsutijada-XIX-landscape-100x75.jpg 100w, https:\/\/centralmedia.rs\/wp-content\/uploads\/2019\/02\/Prsutijada-XIX-landscape-180x135.jpg 180w, https:\/\/centralmedia.rs\/wp-content\/uploads\/2019\/02\/Prsutijada-XIX-landscape-238x178.jpg 238w, https:\/\/centralmedia.rs\/wp-content\/uploads\/2019\/02\/Prsutijada-XIX-landscape-640x480.jpg 640w, https:\/\/centralmedia.rs\/wp-content\/uploads\/2019\/02\/Prsutijada-XIX-landscape-681x511.jpg 681w, https:\/\/centralmedia.rs\/wp-content\/uploads\/2019\/02\/Prsutijada-XIX-landscape.jpg 2000w\" sizes=\"(max-width: 640px) 100vw, 640px\" \/><\/p>\n","protected":false},"excerpt":{"rendered":"<p>\u010cAJETINA- Sve\u010dano otvaranje 19. Sajma suvomesnatih proizvoda &#8220;Pr\u0161utijada 2019.&#8221; u subotu u 11 \u010dasova u porti crkve Sv.proroka Ilije u Ma\u010dkatu na Zlatiboru. 19. Pr\u0161utijada &hellip; <\/p>\n","protected":false},"author":2,"featured_media":16148,"comment_status":"open","ping_status":"open","sticky":false,"template":"","format":"standard","meta":{"footnotes":""},"categories":[2875,1524,2,23,887,3054],"tags":[3083,3473,2876],"_links":{"self":[{"href":"https:\/\/centralmedia.rs\/index.php\/wp-json\/wp\/v2\/posts\/16147"}],"collection":[{"href":"https:\/\/centralmedia.rs\/index.php\/wp-json\/wp\/v2\/posts"}],"about":[{"href":"https:\/\/centralmedia.rs\/index.php\/wp-json\/wp\/v2\/types\/post"}],"author":[{"embeddable":true,"href":"https:\/\/centralmedia.rs\/index.php\/wp-json\/wp\/v2\/users\/2"}],"replies":[{"embeddable":true,"href":"https:\/\/centralmedia.rs\/index.php\/wp-json\/wp\/v2\/comments?post=16147"}],"version-history":[{"count":1,"href":"https:\/\/centralmedia.rs\/index.php\/wp-json\/wp\/v2\/posts\/16147\/revisions"}],"predecessor-version":[{"id":16149,"href":"https:\/\/centralmedia.rs\/index.php\/wp-json\/wp\/v2\/posts\/16147\/revisions\/16149"}],"wp:featuredmedia":[{"embeddable":true,"href":"https:\/\/centralmedia.rs\/index.php\/wp-json\/wp\/v2\/media\/16148"}],"wp:attachment":[{"href":"https:\/\/centralmedia.rs\/index.php\/wp-json\/wp\/v2\/media?parent=16147"}],"wp:term":[{"taxonomy":"category","embeddable":true,"href":"https:\/\/centralmedia.rs\/index.php\/wp-json\/wp\/v2\/categories?post=16147"},{"taxonomy":"post_tag","embeddable":true,"href":"https:\/\/centralmedia.rs\/index.php\/wp-json\/wp\/v2\/tags?post=16147"}],"curies":[{"name":"wp","href":"https:\/\/api.w.org\/{rel}","templated":true}]}}