{"id":16154,"date":"2019-02-08T12:20:55","date_gmt":"2019-02-08T12:20:55","guid":{"rendered":"http:\/\/centralmedia.rs\/?p=16154"},"modified":"2019-02-14T00:07:19","modified_gmt":"2019-02-14T00:07:19","slug":"zapaljeno-vozilo-direktora-bolnice-u-cupriji","status":"publish","type":"post","link":"https:\/\/centralmedia.rs\/index.php\/2019\/02\/08\/zapaljeno-vozilo-direktora-bolnice-u-cupriji\/","title":{"rendered":"ZAPALJENO VOZILO DIREKTORA BOLNICE U \u0106UPRIJI?"},"content":{"rendered":"<p>\u0106UPRIJA- U no\u0107i izme\u0111u srede i \u010devrtka oko 3 sata izgorelo je \u00a0vozilo hjundai direktora Op\u0161te bolnice u \u0106upriji dr Slobodana Gaji\u0107a. Vozilo se nalazilo parkirano ispred porodi\u010dne ku\u0107e dr Gaji\u0107a, a zvani\u010dno je registrovano na njegovu suprugu. Po nalogu tu\u017eila\u0161tva bi\u0107e obavljeno ve\u0161ta\u010denje, jer postoje indicije da je vozilo namerno zapaljeno. Prema neproverenim informacijama postoji video snimak na kome se vidi da vozilu prilazi lice sa kapulja\u010dom na glavi i da nosi tri fla\u0161e, te sadr\u017eajem iz tih fla\u0161a posipa i pali vozilo unutra i spolja.<\/p>\n<div id='gallery-1' class='gallery galleryid-16154 gallery-columns-5 gallery-size-thumbnail'><figure class='gallery-item'>\n\t\t\t<div class='gallery-icon landscape'>\n\t\t\t\t<a href='https:\/\/centralmedia.rs\/index.php\/2019\/02\/08\/zapaljeno-vozilo-direktora-bolnice-u-cupriji\/zapalejni-automobil-dr-svetlane-pavlovic-3\/'><img loading=\"lazy\" decoding=\"async\" width=\"150\" height=\"150\" src=\"https:\/\/centralmedia.rs\/wp-content\/uploads\/2019\/02\/zapalejni-automobil-dr-svetlane-pavlovic-3-150x150.jpg\" class=\"attachment-thumbnail size-thumbnail\" alt=\"\" \/><\/a>\n\t\t\t<\/div><\/figure><figure class='gallery-item'>\n\t\t\t<div class='gallery-icon landscape'>\n\t\t\t\t<a href='https:\/\/centralmedia.rs\/index.php\/2019\/02\/08\/zapaljeno-vozilo-direktora-bolnice-u-cupriji\/seat-1-2\/'><img loading=\"lazy\" decoding=\"async\" width=\"150\" height=\"150\" src=\"https:\/\/centralmedia.rs\/wp-content\/uploads\/2019\/02\/seat-1-150x150.jpg\" class=\"attachment-thumbnail size-thumbnail\" alt=\"\" \/><\/a>\n\t\t\t<\/div><\/figure><figure class='gallery-item'>\n\t\t\t<div class='gallery-icon landscape'>\n\t\t\t\t<a href='https:\/\/centralmedia.rs\/index.php\/2019\/02\/08\/zapaljeno-vozilo-direktora-bolnice-u-cupriji\/seat-3\/'><img loading=\"lazy\" decoding=\"async\" width=\"150\" height=\"150\" src=\"https:\/\/centralmedia.rs\/wp-content\/uploads\/2019\/02\/seat-150x150.jpg\" class=\"attachment-thumbnail size-thumbnail\" alt=\"\" \/><\/a>\n\t\t\t<\/div><\/figure><figure class='gallery-item'>\n\t\t\t<div class='gallery-icon landscape'>\n\t\t\t\t<a href='https:\/\/centralmedia.rs\/index.php\/2019\/02\/08\/zapaljeno-vozilo-direktora-bolnice-u-cupriji\/seat-jagodina-g-j-1-2\/'><img loading=\"lazy\" decoding=\"async\" width=\"150\" height=\"150\" src=\"https:\/\/centralmedia.rs\/wp-content\/uploads\/2019\/02\/seat-jagodina-g.j.-1-150x150.jpg\" class=\"attachment-thumbnail size-thumbnail\" alt=\"\" \/><\/a>\n\t\t\t<\/div><\/figure><figure class='gallery-item'>\n\t\t\t<div class='gallery-icon landscape'>\n\t\t\t\t<a href='https:\/\/centralmedia.rs\/index.php\/2019\/02\/08\/zapaljeno-vozilo-direktora-bolnice-u-cupriji\/seat-jagodina-g-j-2\/'><img loading=\"lazy\" decoding=\"async\" width=\"150\" height=\"150\" src=\"https:\/\/centralmedia.rs\/wp-content\/uploads\/2019\/02\/seat-jagodina-g.j.-150x150.jpg\" class=\"attachment-thumbnail size-thumbnail\" alt=\"\" \/><\/a>\n\t\t\t<\/div><\/figure>\n\t\t<\/div>\n\n<p>&#8211; Ne zna se jo\u0161 uvek da li se vozilo samo zapalilo ili ga je neko upalio. Nemam kamere, moja ulica je mala, mirna, ima 15 ku\u0107a, tu \u017eive stariji ljudi. Nemam nikakvu informaciju od nadle\u017enih organa. Istraga je u toku. Vozilo je potpuno izgorelo, ka\u017ee dr Gaji\u0107, koji je ve\u0107 tri i po godine vd direktor Op\u0161te bolnice.<\/p>\n<p>Me\u0111utim, u proteklih nekoliko godina ve\u0107 su paljena vozila dvoje lekara Op\u0161te bolnice u \u0106upriji, ali nisu prona\u0111eni po\u010dinioci.<\/p>\n<p>&#8211; Na\u017ealost ni\u0161ta nije re\u0161eno, imam samo zapisnik sa uvi\u0111aja, dolazili su stu\u010dnjaci po nalogu tu\u017eioca, ali ni do dana dana\u0161njeg ni\u0161ta. Bila sam \u0161okirana kada sam \u010dula da se Gaji\u0107u isto dogodilo, vratio mi se ,,film&#8221; setila sam se kako sam se ose\u0107ala u\u017easno i ru\u017eno. Stra\u0161na je poruka koja se \u0161alje pod okriljem no\u0107i po\u0161tenim ljudima i to nama, koji smo na istaknutim mestima. \u0160ta treba da o\u010dekuju gra\u0111ani? Energi\u010dno treba delovati da se takvi na\u0111u, jer oni koji misle da haos mo\u017ee da vrati na ulice i da se puca usred bela dana, kao nekada u \u0106upriji, to je mnogo ru\u017eno. Poruka koja se nama \u0161alje je da se upla\u0161imo. Tada sam kazala da verujem u rad dr\u017eanih organa, ali do dana dana\u0161njeg ni\u0161ta, kazala je dr Svetlana Pavlovi\u0107.<\/p>\n<p>Svo troje lekara kojima su vozila izgorela imaju pored stru\u010dne odrednice i zajedni\u010dku politi\u010dku opciju, \u010dlanovi su SNS ili su bili. \u00a0U saop\u0161tenjima je tada navo\u0111ena politi\u010dka konotacija sa slu\u010dajem paljena automobila dr Svetlane Pavlovi\u0107.<\/p>\n<p>&nbsp;<\/p>\n","protected":false},"excerpt":{"rendered":"<p>\u0106UPRIJA- U no\u0107i izme\u0111u srede i \u010devrtka oko 3 sata izgorelo je \u00a0vozilo hjundai direktora Op\u0161te bolnice u \u0106upriji dr Slobodana Gaji\u0107a. Vozilo se nalazilo &hellip; <\/p>\n","protected":false},"author":2,"featured_media":16155,"comment_status":"open","ping_status":"open","sticky":false,"template":"","format":"standard","meta":{"footnotes":""},"categories":[1515,1524,20,2,12],"tags":[2862,44,3482],"_links":{"self":[{"href":"https:\/\/centralmedia.rs\/index.php\/wp-json\/wp\/v2\/posts\/16154"}],"collection":[{"href":"https:\/\/centralmedia.rs\/index.php\/wp-json\/wp\/v2\/posts"}],"about":[{"href":"https:\/\/centralmedia.rs\/index.php\/wp-json\/wp\/v2\/types\/post"}],"author":[{"embeddable":true,"href":"https:\/\/centralmedia.rs\/index.php\/wp-json\/wp\/v2\/users\/2"}],"replies":[{"embeddable":true,"href":"https:\/\/centralmedia.rs\/index.php\/wp-json\/wp\/v2\/comments?post=16154"}],"version-history":[{"count":4,"href":"https:\/\/centralmedia.rs\/index.php\/wp-json\/wp\/v2\/posts\/16154\/revisions"}],"predecessor-version":[{"id":16164,"href":"https:\/\/centralmedia.rs\/index.php\/wp-json\/wp\/v2\/posts\/16154\/revisions\/16164"}],"wp:featuredmedia":[{"embeddable":true,"href":"https:\/\/centralmedia.rs\/index.php\/wp-json\/wp\/v2\/media\/16155"}],"wp:attachment":[{"href":"https:\/\/centralmedia.rs\/index.php\/wp-json\/wp\/v2\/media?parent=16154"}],"wp:term":[{"taxonomy":"category","embeddable":true,"href":"https:\/\/centralmedia.rs\/index.php\/wp-json\/wp\/v2\/categories?post=16154"},{"taxonomy":"post_tag","embeddable":true,"href":"https:\/\/centralmedia.rs\/index.php\/wp-json\/wp\/v2\/tags?post=16154"}],"curies":[{"name":"wp","href":"https:\/\/api.w.org\/{rel}","templated":true}]}}