{"id":1616,"date":"2015-12-20T13:43:15","date_gmt":"2015-12-20T13:43:15","guid":{"rendered":"http:\/\/centralmedia.rs\/?p=1616"},"modified":"2015-12-20T13:43:57","modified_gmt":"2015-12-20T13:43:57","slug":"dokovic-fondacija-novogodisnji-paketici-za-nezbrunutu-decu","status":"publish","type":"post","link":"https:\/\/centralmedia.rs\/index.php\/2015\/12\/20\/dokovic-fondacija-novogodisnji-paketici-za-nezbrunutu-decu\/","title":{"rendered":"\u0110OKOVI\u0106 FONDACIJA &#8211; NOVOGODI\u0160NJI PAKETI\u0106I ZA NEZBRINUTU DECU"},"content":{"rendered":"<p>\u0106UPRIJA-Novak \u0110okovi\u0107 Fondacija uru\u010dila je danas u \u0106upriji novogodi\u0161nje paketi\u0107e za 175. mali\u0161ana od 3 do 10 godina starosti iz  hraniteljskih porodica u Pomoravskom i Rasinskom okrugu. Ta fondacija tre\u0107u godinu zaredom organizuje ovu akciju u saradnji sa centrima za porodi\u010dni sme\u0161taj.<br \/>\n\t-Podr\u017eavamo rad centra i uvek se radujemo saradnji sa njima.  Velika je sre\u0107a kada vidite osmeh na licima mali\u0161ana i njihovih hranitelja, koji im pru\u017eaju ljubav i imaju razumevanja za njihove potrebe. \u017delimo da toj deci u\u010dinimo novogodi\u0161nje praznike \u0161to lep\u0161im i radosnijim. Paketi\u0107i su personalizovani prema uzrastu dece i njihovim potrebama, pa\u017eljivo odbranom  garderobom, igra\u010dkama, kozmetikom, knjigama i slatki\u0161ima, kazala  je projekt menad\u017eerka fondacije Maja Jovanovi\u0107.<br \/>\n<a href=\"https:\/\/centralmedia.rs\/wp-content\/uploads\/2015\/12\/fondacija-novak-djokovic-podela-paketica-2-cuprija-g.j..jpg\" rel=\"attachment wp-att-1618\"><img loading=\"lazy\" decoding=\"async\" src=\"https:\/\/centralmedia.rs\/wp-content\/uploads\/2015\/12\/fondacija-novak-djokovic-podela-paketica-2-cuprija-g.j.-300x225.jpg\" alt=\"fondacija novak djokovic podela paketica 2-cuprija-g.j.\" width=\"300\" height=\"225\" class=\"alignnone size-medium wp-image-1618\" srcset=\"https:\/\/centralmedia.rs\/wp-content\/uploads\/2015\/12\/fondacija-novak-djokovic-podela-paketica-2-cuprija-g.j.-300x225.jpg 300w, https:\/\/centralmedia.rs\/wp-content\/uploads\/2015\/12\/fondacija-novak-djokovic-podela-paketica-2-cuprija-g.j.-768x576.jpg 768w, https:\/\/centralmedia.rs\/wp-content\/uploads\/2015\/12\/fondacija-novak-djokovic-podela-paketica-2-cuprija-g.j.-80x60.jpg 80w, https:\/\/centralmedia.rs\/wp-content\/uploads\/2015\/12\/fondacija-novak-djokovic-podela-paketica-2-cuprija-g.j.-265x198.jpg 265w, https:\/\/centralmedia.rs\/wp-content\/uploads\/2015\/12\/fondacija-novak-djokovic-podela-paketica-2-cuprija-g.j..jpg 900w\" sizes=\"(max-width: 300px) 100vw, 300px\" \/><\/a><br \/>\nPredsednik op\u0161tine \u0106urija Ninosal Eri\u0107 je istakao da je velika \u010dast sara\u0111ivati sa Novak \u0110okovi\u0107 Fondacijom i to ,,na najlepi\u0161i mogu\u0107i na\u010din sa decom i Deda Mrazom\u201c.<br \/>\n\t-Op\u0161tina \u0106uprija \u0107e i ubudu\u0107e biti partner na projektima upu\u0107enim deci i njihovom adekvatnom razvoju u sredini u kojoj \u017eive, dodao je on.<br \/>\n<a href=\"https:\/\/centralmedia.rs\/wp-content\/uploads\/2015\/12\/fondacija-novak-djokovic-podela-paketica-cuprija-g.j..jpg\" rel=\"attachment wp-att-1619\"><img loading=\"lazy\" decoding=\"async\" src=\"https:\/\/centralmedia.rs\/wp-content\/uploads\/2015\/12\/fondacija-novak-djokovic-podela-paketica-cuprija-g.j.-300x220.jpg\" alt=\"fondacija novak djokovic podela paketica-cuprija-g.j.\" width=\"300\" height=\"220\" class=\"alignnone size-medium wp-image-1619\" srcset=\"https:\/\/centralmedia.rs\/wp-content\/uploads\/2015\/12\/fondacija-novak-djokovic-podela-paketica-cuprija-g.j.-300x220.jpg 300w, https:\/\/centralmedia.rs\/wp-content\/uploads\/2015\/12\/fondacija-novak-djokovic-podela-paketica-cuprija-g.j.-768x563.jpg 768w, https:\/\/centralmedia.rs\/wp-content\/uploads\/2015\/12\/fondacija-novak-djokovic-podela-paketica-cuprija-g.j.-1024x750.jpg 1024w, https:\/\/centralmedia.rs\/wp-content\/uploads\/2015\/12\/fondacija-novak-djokovic-podela-paketica-cuprija-g.j.-80x60.jpg 80w, https:\/\/centralmedia.rs\/wp-content\/uploads\/2015\/12\/fondacija-novak-djokovic-podela-paketica-cuprija-g.j..jpg 1200w\" sizes=\"(max-width: 300px) 100vw, 300px\" \/><\/a><br \/>\nDirektor \u0107uprijskog centra za porodi\u010dni sme\u0161taj i usvojenje dece Hristos Aleksopulos naglasio je da je Novak \u0110okovi\u0107, pored toga \u0161to je veliki sportista, jo\u0161 jednom pokazao da  veliki \u010dovek, jer je uspeo da deci, koja su ostala bez roditeljskog staranja, probudi prazni\u010dni duh.<br \/>\nOvu akciju N\u0110F pomogli su partneri City Expresss, Soko \u0160tark, Nivea, Lavirint i JRJ \u2013 Moj izdava\u010d. <\/p>\n<p><a href=\"https:\/\/centralmedia.rs\/wp-content\/uploads\/2015\/12\/fondacija-novak-djokovic-podela-paketica-1-cuprija-g.j..jpg\" rel=\"attachment wp-att-1620\"><img loading=\"lazy\" decoding=\"async\" src=\"https:\/\/centralmedia.rs\/wp-content\/uploads\/2015\/12\/fondacija-novak-djokovic-podela-paketica-1-cuprija-g.j.-300x198.jpg\" alt=\"fondacija novak djokovic podela paketica 1-cuprija-g.j.\" width=\"300\" height=\"198\" class=\"alignnone size-medium wp-image-1620\" srcset=\"https:\/\/centralmedia.rs\/wp-content\/uploads\/2015\/12\/fondacija-novak-djokovic-podela-paketica-1-cuprija-g.j.-300x198.jpg 300w, https:\/\/centralmedia.rs\/wp-content\/uploads\/2015\/12\/fondacija-novak-djokovic-podela-paketica-1-cuprija-g.j.-768x506.jpg 768w, https:\/\/centralmedia.rs\/wp-content\/uploads\/2015\/12\/fondacija-novak-djokovic-podela-paketica-1-cuprija-g.j.-1024x674.jpg 1024w, https:\/\/centralmedia.rs\/wp-content\/uploads\/2015\/12\/fondacija-novak-djokovic-podela-paketica-1-cuprija-g.j..jpg 1200w\" sizes=\"(max-width: 300px) 100vw, 300px\" \/><\/a><\/p>\n","protected":false},"excerpt":{"rendered":"<p>\u0106UPRIJA-Novak \u0110okovi\u0107 Fondacija uru\u010dila je danas u \u0106upriji novogodi\u0161nje paketi\u0107e za 175. mali\u0161ana od 3 do 10 godina starosti iz hraniteljskih porodica u Pomoravskom i &hellip; <\/p>\n","protected":false},"author":4,"featured_media":1617,"comment_status":"open","ping_status":"open","sticky":false,"template":"","format":"standard","meta":{"footnotes":""},"categories":[2,12,30],"tags":[44,382,383],"_links":{"self":[{"href":"https:\/\/centralmedia.rs\/index.php\/wp-json\/wp\/v2\/posts\/1616"}],"collection":[{"href":"https:\/\/centralmedia.rs\/index.php\/wp-json\/wp\/v2\/posts"}],"about":[{"href":"https:\/\/centralmedia.rs\/index.php\/wp-json\/wp\/v2\/types\/post"}],"author":[{"embeddable":true,"href":"https:\/\/centralmedia.rs\/index.php\/wp-json\/wp\/v2\/users\/4"}],"replies":[{"embeddable":true,"href":"https:\/\/centralmedia.rs\/index.php\/wp-json\/wp\/v2\/comments?post=1616"}],"version-history":[{"count":0,"href":"https:\/\/centralmedia.rs\/index.php\/wp-json\/wp\/v2\/posts\/1616\/revisions"}],"wp:featuredmedia":[{"embeddable":true,"href":"https:\/\/centralmedia.rs\/index.php\/wp-json\/wp\/v2\/media\/1617"}],"wp:attachment":[{"href":"https:\/\/centralmedia.rs\/index.php\/wp-json\/wp\/v2\/media?parent=1616"}],"wp:term":[{"taxonomy":"category","embeddable":true,"href":"https:\/\/centralmedia.rs\/index.php\/wp-json\/wp\/v2\/categories?post=1616"},{"taxonomy":"post_tag","embeddable":true,"href":"https:\/\/centralmedia.rs\/index.php\/wp-json\/wp\/v2\/tags?post=1616"}],"curies":[{"name":"wp","href":"https:\/\/api.w.org\/{rel}","templated":true}]}}