{"id":16167,"date":"2019-02-08T19:30:35","date_gmt":"2019-02-08T19:30:35","guid":{"rendered":"http:\/\/centralmedia.rs\/?p=16167"},"modified":"2019-02-14T00:07:49","modified_gmt":"2019-02-14T00:07:49","slug":"drugi-protest-bivsih-radnika-paracinske-staklare-otpusteni-sa-fesja-posle-laznog-stecaja-podnet-predlog-za-uppr","status":"publish","type":"post","link":"https:\/\/centralmedia.rs\/index.php\/2019\/02\/08\/drugi-protest-bivsih-radnika-paracinske-staklare-otpusteni-sa-fesja-posle-laznog-stecaja-podnet-predlog-za-uppr\/","title":{"rendered":"DRUGI PROTEST BIV\u0160IH RADNIKA PARA\u0106INSKE STAKLARE ,,OTPU\u0160TENI SA FESJA&#8221; &#8211; POSLE ,,LA\u017dNOG&#8221; STE\u010cAJA, PODNET PREDLOG ZA UPPR"},"content":{"rendered":"<p>PARA\u0106IN- Nekoliko stotina biv\u0161ih radnika Srpske fabrike stakla (SFS) okupljenih u grupi ,,Otpu\u0161teni sa fejsa&#8221; i gra\u0111ana ve\u010deras je drugi put protestvovalo u centru \u00a0Para\u0107ina sa zahtevom da se vrate na posao, a danas je na elektronskoj tabli Privrednog suda u Kragujevcu postavljen predlog za pokretanje Unapred pripremlejnog programa reorganizacije SFS koje je pokrenulo rukovodstvo tog preduze\u0107a. Posle ,,la\u017enog&#8221; ste\u010daja u kome je posao, prema podacima grupe radnika koja prostestuje, izgubilo oko 300 radnika, sada je rukovodstvo SFS poseglo za ,,slamkom spasa&#8221;, jer je pretila prinudna naplata, a dugovi se procenjuju na vi\u0161e desetina miliona evra. Dok sud i poverioci ne odlu\u010de o predlogu UPPR odla\u017ee se prinudna naplata dosada\u0161njih dugova, \u0161to mo\u017ee da potraje do nekoliko godina.<\/p>\n<div id='gallery-1' class='gallery galleryid-16167 gallery-columns-3 gallery-size-full'><figure class='gallery-item'>\n\t\t\t<div class='gallery-icon landscape'>\n\t\t\t\t<a href='https:\/\/centralmedia.rs\/index.php\/2019\/02\/08\/drugi-protest-bivsih-radnika-paracinske-staklare-otpusteni-sa-fesja-posle-laznog-stecaja-podnet-predlog-za-uppr\/radnici-sfs-1\/'><img loading=\"lazy\" decoding=\"async\" width=\"1280\" height=\"622\" src=\"https:\/\/centralmedia.rs\/wp-content\/uploads\/2019\/02\/radnici-sfs-1.jpg\" class=\"attachment-full size-full\" alt=\"\" srcset=\"https:\/\/centralmedia.rs\/wp-content\/uploads\/2019\/02\/radnici-sfs-1.jpg 1280w, https:\/\/centralmedia.rs\/wp-content\/uploads\/2019\/02\/radnici-sfs-1-300x146.jpg 300w, https:\/\/centralmedia.rs\/wp-content\/uploads\/2019\/02\/radnici-sfs-1-768x373.jpg 768w, https:\/\/centralmedia.rs\/wp-content\/uploads\/2019\/02\/radnici-sfs-1-1024x498.jpg 1024w, https:\/\/centralmedia.rs\/wp-content\/uploads\/2019\/02\/radnici-sfs-1-864x420.jpg 864w, https:\/\/centralmedia.rs\/wp-content\/uploads\/2019\/02\/radnici-sfs-1-640x311.jpg 640w, https:\/\/centralmedia.rs\/wp-content\/uploads\/2019\/02\/radnici-sfs-1-681x331.jpg 681w\" sizes=\"(max-width: 1280px) 100vw, 1280px\" \/><\/a>\n\t\t\t<\/div><\/figure><figure class='gallery-item'>\n\t\t\t<div class='gallery-icon landscape'>\n\t\t\t\t<a href='https:\/\/centralmedia.rs\/index.php\/2019\/02\/08\/drugi-protest-bivsih-radnika-paracinske-staklare-otpusteni-sa-fesja-posle-laznog-stecaja-podnet-predlog-za-uppr\/radnici-sfs-2\/'><img loading=\"lazy\" decoding=\"async\" width=\"1280\" height=\"622\" src=\"https:\/\/centralmedia.rs\/wp-content\/uploads\/2019\/02\/radnici-sfs-2.jpg\" class=\"attachment-full size-full\" alt=\"\" srcset=\"https:\/\/centralmedia.rs\/wp-content\/uploads\/2019\/02\/radnici-sfs-2.jpg 1280w, https:\/\/centralmedia.rs\/wp-content\/uploads\/2019\/02\/radnici-sfs-2-300x146.jpg 300w, https:\/\/centralmedia.rs\/wp-content\/uploads\/2019\/02\/radnici-sfs-2-768x373.jpg 768w, https:\/\/centralmedia.rs\/wp-content\/uploads\/2019\/02\/radnici-sfs-2-1024x498.jpg 1024w, https:\/\/centralmedia.rs\/wp-content\/uploads\/2019\/02\/radnici-sfs-2-864x420.jpg 864w, https:\/\/centralmedia.rs\/wp-content\/uploads\/2019\/02\/radnici-sfs-2-640x311.jpg 640w, https:\/\/centralmedia.rs\/wp-content\/uploads\/2019\/02\/radnici-sfs-2-681x331.jpg 681w\" sizes=\"(max-width: 1280px) 100vw, 1280px\" \/><\/a>\n\t\t\t<\/div><\/figure><figure class='gallery-item'>\n\t\t\t<div class='gallery-icon landscape'>\n\t\t\t\t<a href='https:\/\/centralmedia.rs\/index.php\/2019\/02\/08\/drugi-protest-bivsih-radnika-paracinske-staklare-otpusteni-sa-fesja-posle-laznog-stecaja-podnet-predlog-za-uppr\/radnici-sfs-3\/'><img loading=\"lazy\" decoding=\"async\" width=\"1280\" height=\"622\" src=\"https:\/\/centralmedia.rs\/wp-content\/uploads\/2019\/02\/radnici-sfs-3.jpg\" class=\"attachment-full size-full\" alt=\"\" srcset=\"https:\/\/centralmedia.rs\/wp-content\/uploads\/2019\/02\/radnici-sfs-3.jpg 1280w, https:\/\/centralmedia.rs\/wp-content\/uploads\/2019\/02\/radnici-sfs-3-300x146.jpg 300w, https:\/\/centralmedia.rs\/wp-content\/uploads\/2019\/02\/radnici-sfs-3-768x373.jpg 768w, https:\/\/centralmedia.rs\/wp-content\/uploads\/2019\/02\/radnici-sfs-3-1024x498.jpg 1024w, https:\/\/centralmedia.rs\/wp-content\/uploads\/2019\/02\/radnici-sfs-3-864x420.jpg 864w, https:\/\/centralmedia.rs\/wp-content\/uploads\/2019\/02\/radnici-sfs-3-640x311.jpg 640w, https:\/\/centralmedia.rs\/wp-content\/uploads\/2019\/02\/radnici-sfs-3-681x331.jpg 681w\" sizes=\"(max-width: 1280px) 100vw, 1280px\" \/><\/a>\n\t\t\t<\/div><\/figure>\n\t\t<\/div>\n\n<p>&#8211; Podneli smo zahtev za reviziju Kasacionom sudu odba\u010denih presuda o povratku radnika na posao u SFS i i\u0107i \u0107emo do Strazbura. Pozivamo predsednika Nadzornog odbora Milorada Pu\u0161icu i direktora Neboj\u0161u Bogdanovi\u0107a da se obrate radnicima o njihovoj sudbini posle odbacivanja ste\u010daja. CPR Impeks nije vlasnik SFS, jer nisu ispunili ugovornu obavezu, kao ni Svetozar Crnogorac. Oni su ,,Oru\u017eari&#8221; imaju novac, a mi to nemamo imamo volju, \u010dast i po\u0161tenje da istrajemo u ovoj borbi za \u017eivot i rad \u0161to je garantovano Ustavom \u00a0i zakonom, kazala je Vesna Simi\u0107 biv\u0161a radnica SFS.<\/p>\n<p>Violeta Kosti\u0107 pozvala na odgovornost menad\u017ement SFS, Pu\u0161icu i Crnogorca i zapitala za\u0161to ne po\u0161tuju zakone i za\u0161to nisu otpu\u0161teni radnici vra\u0107eni na posao.<\/p>\n<p>&#8211; Kako su oni vra\u0107eni na posao, da li se pla\u0161e otpu\u0161tenih radnika i za\u0161to im se ne obrate, ako rade sve po zakonu. Pozivam ih da nam ka\u017eu pravni status. Mi se njih ne pla\u0161imo, iako su oni ,,Oru\u017eari&#8221;. Ste\u010dajni postupak je odba\u010dne, ali je rukovodstvo SFS podnelo predlog za UPPR, istakla je Violeta Kosti\u0107.<\/p>\n<p>&nbsp;<\/p>\n","protected":false},"excerpt":{"rendered":"<p>PARA\u0106IN- Nekoliko stotina biv\u0161ih radnika Srpske fabrike stakla (SFS) okupljenih u grupi ,,Otpu\u0161teni sa fejsa&#8221; i gra\u0111ana ve\u010deras je drugi put protestvovalo u centru \u00a0Para\u0107ina &hellip; <\/p>\n","protected":false},"author":2,"featured_media":16168,"comment_status":"open","ping_status":"open","sticky":false,"template":"","format":"standard","meta":{"footnotes":""},"categories":[14,1524,2,1516,12],"tags":[1689,156,523,158],"_links":{"self":[{"href":"https:\/\/centralmedia.rs\/index.php\/wp-json\/wp\/v2\/posts\/16167"}],"collection":[{"href":"https:\/\/centralmedia.rs\/index.php\/wp-json\/wp\/v2\/posts"}],"about":[{"href":"https:\/\/centralmedia.rs\/index.php\/wp-json\/wp\/v2\/types\/post"}],"author":[{"embeddable":true,"href":"https:\/\/centralmedia.rs\/index.php\/wp-json\/wp\/v2\/users\/2"}],"replies":[{"embeddable":true,"href":"https:\/\/centralmedia.rs\/index.php\/wp-json\/wp\/v2\/comments?post=16167"}],"version-history":[{"count":3,"href":"https:\/\/centralmedia.rs\/index.php\/wp-json\/wp\/v2\/posts\/16167\/revisions"}],"predecessor-version":[{"id":16174,"href":"https:\/\/centralmedia.rs\/index.php\/wp-json\/wp\/v2\/posts\/16167\/revisions\/16174"}],"wp:featuredmedia":[{"embeddable":true,"href":"https:\/\/centralmedia.rs\/index.php\/wp-json\/wp\/v2\/media\/16168"}],"wp:attachment":[{"href":"https:\/\/centralmedia.rs\/index.php\/wp-json\/wp\/v2\/media?parent=16167"}],"wp:term":[{"taxonomy":"category","embeddable":true,"href":"https:\/\/centralmedia.rs\/index.php\/wp-json\/wp\/v2\/categories?post=16167"},{"taxonomy":"post_tag","embeddable":true,"href":"https:\/\/centralmedia.rs\/index.php\/wp-json\/wp\/v2\/tags?post=16167"}],"curies":[{"name":"wp","href":"https:\/\/api.w.org\/{rel}","templated":true}]}}