{"id":16181,"date":"2019-02-09T19:21:21","date_gmt":"2019-02-09T19:21:21","guid":{"rendered":"http:\/\/centralmedia.rs\/?p=16181"},"modified":"2019-02-14T00:08:11","modified_gmt":"2019-02-14T00:08:11","slug":"drugi-protest-gradana-jagodine-1-od-5-miliona","status":"publish","type":"post","link":"https:\/\/centralmedia.rs\/index.php\/2019\/02\/09\/drugi-protest-gradana-jagodine-1-od-5-miliona\/","title":{"rendered":"DRUGI PROTEST GRA\u0110ANA JAGODINE ,,1 OD 5 MILIONA&#8221;"},"content":{"rendered":"<p>JAGODINA- Oko 500 gra\u0111ana Jagodina bilo je prisutno na drugom protestu ,,1 od 5 miliona&#8221; u tom gradu ve\u010deras. Gra\u0111anima su se obratili u centru grada Andrijeta Krsti\u0107 iz Jagodine i Dejan Milo\u0161evi\u0107 jedan od organizatora protesta u Kur\u0161umliji. Govornici su ponovili zahteve koji su vezani za vlast u Srbiji, o\u010duvanje KIM i slobodu medija. Zatim su okupljeni pro\u0161etali ulicama Jagodine.<\/p>\n<div id='gallery-1' class='gallery galleryid-16181 gallery-columns-5 gallery-size-thumbnail'><figure class='gallery-item'>\n\t\t\t<div class='gallery-icon landscape'>\n\t\t\t\t<a href='https:\/\/centralmedia.rs\/index.php\/2019\/02\/09\/drugi-protest-gradana-jagodine-1-od-5-miliona\/protest-jagodina-2\/'><img loading=\"lazy\" decoding=\"async\" width=\"150\" height=\"150\" src=\"https:\/\/centralmedia.rs\/wp-content\/uploads\/2019\/02\/protest-jagodina-2-150x150.jpg\" class=\"attachment-thumbnail size-thumbnail\" alt=\"\" \/><\/a>\n\t\t\t<\/div><\/figure><figure class='gallery-item'>\n\t\t\t<div class='gallery-icon portrait'>\n\t\t\t\t<a href='https:\/\/centralmedia.rs\/index.php\/2019\/02\/09\/drugi-protest-gradana-jagodine-1-od-5-miliona\/protest-jagodina-1\/'><img loading=\"lazy\" decoding=\"async\" width=\"150\" height=\"150\" src=\"https:\/\/centralmedia.rs\/wp-content\/uploads\/2019\/02\/protest-jagodina-1-150x150.jpg\" class=\"attachment-thumbnail size-thumbnail\" alt=\"\" \/><\/a>\n\t\t\t<\/div><\/figure><figure class='gallery-item'>\n\t\t\t<div class='gallery-icon portrait'>\n\t\t\t\t<a href='https:\/\/centralmedia.rs\/index.php\/2019\/02\/09\/drugi-protest-gradana-jagodine-1-od-5-miliona\/protest-jagodina-3\/'><img loading=\"lazy\" decoding=\"async\" width=\"150\" height=\"150\" src=\"https:\/\/centralmedia.rs\/wp-content\/uploads\/2019\/02\/protest-jagodina-3-150x150.jpg\" class=\"attachment-thumbnail size-thumbnail\" alt=\"\" \/><\/a>\n\t\t\t<\/div><\/figure><figure class='gallery-item'>\n\t\t\t<div class='gallery-icon landscape'>\n\t\t\t\t<a href='https:\/\/centralmedia.rs\/index.php\/2019\/02\/09\/drugi-protest-gradana-jagodine-1-od-5-miliona\/protest-jagodina-4\/'><img loading=\"lazy\" decoding=\"async\" width=\"150\" height=\"150\" src=\"https:\/\/centralmedia.rs\/wp-content\/uploads\/2019\/02\/protest-jagodina-4-150x150.jpg\" class=\"attachment-thumbnail size-thumbnail\" alt=\"\" \/><\/a>\n\t\t\t<\/div><\/figure><figure class='gallery-item'>\n\t\t\t<div class='gallery-icon landscape'>\n\t\t\t\t<a href='https:\/\/centralmedia.rs\/index.php\/2019\/02\/09\/drugi-protest-gradana-jagodine-1-od-5-miliona\/protest-jagodina-5\/'><img loading=\"lazy\" decoding=\"async\" width=\"150\" height=\"150\" src=\"https:\/\/centralmedia.rs\/wp-content\/uploads\/2019\/02\/protest-jagodina-5-150x150.jpg\" class=\"attachment-thumbnail size-thumbnail\" alt=\"\" \/><\/a>\n\t\t\t<\/div><\/figure>\n\t\t<\/div>\n\n","protected":false},"excerpt":{"rendered":"<p>JAGODINA- Oko 500 gra\u0111ana Jagodina bilo je prisutno na drugom protestu ,,1 od 5 miliona&#8221; u tom gradu ve\u010deras. Gra\u0111anima su se obratili u centru &hellip; <\/p>\n","protected":false},"author":2,"featured_media":16188,"comment_status":"open","ping_status":"open","sticky":false,"template":"","format":"standard","meta":{"footnotes":""},"categories":[1524,2,1514,13,12],"tags":[3485,1596,58,523],"_links":{"self":[{"href":"https:\/\/centralmedia.rs\/index.php\/wp-json\/wp\/v2\/posts\/16181"}],"collection":[{"href":"https:\/\/centralmedia.rs\/index.php\/wp-json\/wp\/v2\/posts"}],"about":[{"href":"https:\/\/centralmedia.rs\/index.php\/wp-json\/wp\/v2\/types\/post"}],"author":[{"embeddable":true,"href":"https:\/\/centralmedia.rs\/index.php\/wp-json\/wp\/v2\/users\/2"}],"replies":[{"embeddable":true,"href":"https:\/\/centralmedia.rs\/index.php\/wp-json\/wp\/v2\/comments?post=16181"}],"version-history":[{"count":3,"href":"https:\/\/centralmedia.rs\/index.php\/wp-json\/wp\/v2\/posts\/16181\/revisions"}],"predecessor-version":[{"id":16190,"href":"https:\/\/centralmedia.rs\/index.php\/wp-json\/wp\/v2\/posts\/16181\/revisions\/16190"}],"wp:featuredmedia":[{"embeddable":true,"href":"https:\/\/centralmedia.rs\/index.php\/wp-json\/wp\/v2\/media\/16188"}],"wp:attachment":[{"href":"https:\/\/centralmedia.rs\/index.php\/wp-json\/wp\/v2\/media?parent=16181"}],"wp:term":[{"taxonomy":"category","embeddable":true,"href":"https:\/\/centralmedia.rs\/index.php\/wp-json\/wp\/v2\/categories?post=16181"},{"taxonomy":"post_tag","embeddable":true,"href":"https:\/\/centralmedia.rs\/index.php\/wp-json\/wp\/v2\/tags?post=16181"}],"curies":[{"name":"wp","href":"https:\/\/api.w.org\/{rel}","templated":true}]}}