{"id":16191,"date":"2019-02-10T13:58:18","date_gmt":"2019-02-10T13:58:18","guid":{"rendered":"http:\/\/centralmedia.rs\/?p=16191"},"modified":"2019-02-14T00:08:24","modified_gmt":"2019-02-14T00:08:24","slug":"osnovana-prava-jagodina-bunt-narodna-sranka-i-sds","status":"publish","type":"post","link":"https:\/\/centralmedia.rs\/index.php\/2019\/02\/10\/osnovana-prava-jagodina-bunt-narodna-sranka-i-sds\/","title":{"rendered":"OSNOVANA PRAVA JAGODINA &#8211; BUNT, NARODNA STRANKA I SDS"},"content":{"rendered":"<p>JAGODINA- Predstavnici Bunta i jagodinskih odbora Narodne stanke i SDS, kao i predstavnici Romske nacionalne zajednice, danas su prisustvovali ozvani\u010denju predizborne koalicije koja \u0107e nastupiti na narednim lokalnim izborim pod nazivom Prava Jagodina. Kako re\u010deno tom prilikom na listi kandidata za odbornike na\u0107i\u0107e se imena koja do sada nisu u\u010destvovala u vr\u0161enju lokalne i dr\u017eavne vlasti.<\/p>\n<p>&#8211; Prava Jagodina je logi\u010dan sled doga\u0111aja onoga \u0161to smo radili u proteklih osam godina. Toliko se okupljaju mladi ljudi u Jagodini i Srbiji oko zdravih ideja. Cilj ulaska u politiku je da mladi ljudi sutra imaju obezbe\u0111eno mesto pod suncem, donose i sprovode odluke. Tako\u0111e, Romi su deo na\u0161eg grada i \u017eive\u0107emo zajedno ubudu\u0107e. Od nas gra\u0111ani mogu da o\u010dekuju dela i olak\u0161avanje \u017eivota obi\u010dnih ljudi. Pokaza\u0107emo kako je mogu\u0107e raditi dok jo\u0161 nismo pobedili lokalnu vlast, kao i \u0161ta \u0107emo tek raditi kada u\u0111emo u skup\u0161tinu, istakao je predsednik Bunt Du\u0161an Markovi\u0107 i naglasio da je re\u010d o mladim ljudima, \u017eeljnim rada i da se izbore svoje mesto pod suncem.<\/p>\n<p>&#8211; Zala\u017eemo se za smenu generacija na politi\u010dkoj sceni Jagodine. \u017delimo smenu aktuelne vlasti JS i SNS. Ne \u017eelimo\u00a0 da se na vlast vrate oni koji su vladali pre JS, tu mislim na pojedince i ostatke kvazi organizacija koje su vladale od 2000. do 2004. godine, rekao je \u010dlan GO Narodne stranke Aleksandar Grkovi\u0107 i dodao da ta stranka nije \u010dlan jagodinskog ogranka Saveza za Srbiju, te je dematovao sva saop\u0161tenja pojedinih politi\u010dkih organizacija u tom smislu.<\/p>\n","protected":false},"excerpt":{"rendered":"<p>JAGODINA- Predstavnici Bunta i jagodinskih odbora Narodne stanke i SDS, kao i predstavnici Romske nacionalne zajednice, danas su prisustvovali ozvani\u010denju predizborne koalicije koja \u0107e nastupiti &hellip; <\/p>\n","protected":false},"author":2,"featured_media":16192,"comment_status":"open","ping_status":"open","sticky":false,"template":"","format":"standard","meta":{"footnotes":""},"categories":[1524,2,1514,13,12],"tags":[2308,3486,3487,407],"_links":{"self":[{"href":"https:\/\/centralmedia.rs\/index.php\/wp-json\/wp\/v2\/posts\/16191"}],"collection":[{"href":"https:\/\/centralmedia.rs\/index.php\/wp-json\/wp\/v2\/posts"}],"about":[{"href":"https:\/\/centralmedia.rs\/index.php\/wp-json\/wp\/v2\/types\/post"}],"author":[{"embeddable":true,"href":"https:\/\/centralmedia.rs\/index.php\/wp-json\/wp\/v2\/users\/2"}],"replies":[{"embeddable":true,"href":"https:\/\/centralmedia.rs\/index.php\/wp-json\/wp\/v2\/comments?post=16191"}],"version-history":[{"count":7,"href":"https:\/\/centralmedia.rs\/index.php\/wp-json\/wp\/v2\/posts\/16191\/revisions"}],"predecessor-version":[{"id":16199,"href":"https:\/\/centralmedia.rs\/index.php\/wp-json\/wp\/v2\/posts\/16191\/revisions\/16199"}],"wp:featuredmedia":[{"embeddable":true,"href":"https:\/\/centralmedia.rs\/index.php\/wp-json\/wp\/v2\/media\/16192"}],"wp:attachment":[{"href":"https:\/\/centralmedia.rs\/index.php\/wp-json\/wp\/v2\/media?parent=16191"}],"wp:term":[{"taxonomy":"category","embeddable":true,"href":"https:\/\/centralmedia.rs\/index.php\/wp-json\/wp\/v2\/categories?post=16191"},{"taxonomy":"post_tag","embeddable":true,"href":"https:\/\/centralmedia.rs\/index.php\/wp-json\/wp\/v2\/tags?post=16191"}],"curies":[{"name":"wp","href":"https:\/\/api.w.org\/{rel}","templated":true}]}}