{"id":16200,"date":"2019-02-10T21:41:32","date_gmt":"2019-02-10T21:41:32","guid":{"rendered":"http:\/\/centralmedia.rs\/?p=16200"},"modified":"2019-02-14T00:50:58","modified_gmt":"2019-02-14T00:50:58","slug":"dvadeset-pet-godina-centra-za-kulturu-sveti-stefan-despot-srpski","status":"publish","type":"post","link":"https:\/\/centralmedia.rs\/index.php\/2019\/02\/10\/dvadeset-pet-godina-centra-za-kulturu-sveti-stefan-despot-srpski\/","title":{"rendered":"DVADESET PET GODINA CENTRA ZA KULTURU &#8220;SVETI STEFAN, DESPOT SRPSKI&#8221;"},"content":{"rendered":"<p>DESPOTOVAC- Centar za kulturu ,,SVETI STEFAN, DESPOT SRPSKI&#8221;u Despotovcu. U prostorijama Centra prisutnima se obratila direktorka Vlatka Milenkovi\u0107, koja se najpre zahvalila svim biv\u0161im i sada\u0161njim saradnicima koji su omogu\u0107ili dugogodi\u0161nji rad ove ustanove. Direktorka je izrazila zadovoljstvo dosada\u0161njim radom Centra i svim manifestacijama \u010diji je ta ustanova nosilac, poput Majskih akademskih pozori\u0161nih sve\u010danosti, Likovne kolonije, Dana srpskoga duhovnog preobra\u017eenja i ostalih kulturnih aktivnosti.<\/p>\n<p>Ispred Lokalne samouprave prisutne je pozdravio zamenik predsednika Op\u0161tine, Nenad Jovanovi\u0107, koji je po\u017eeleo jo\u0161 mnogo godina rada Centra, mnogo kulturnog sadr\u017eaja za gra\u0111ane na\u0161e op\u0161tine, i da u toku teku\u0107e godine sala ponovo ostvari svoju funkcionalnost.<\/p>\n<p>&nbsp;<\/p>\n","protected":false},"excerpt":{"rendered":"<p>DESPOTOVAC- Centar za kulturu ,,SVETI STEFAN, DESPOT SRPSKI&#8221;u Despotovcu. U prostorijama Centra prisutnima se obratila direktorka Vlatka Milenkovi\u0107, koja se najpre zahvalila svim biv\u0161im i &hellip; <\/p>\n","protected":false},"author":2,"featured_media":16201,"comment_status":"open","ping_status":"open","sticky":false,"template":"","format":"standard","meta":{"footnotes":""},"categories":[1518,1524,2,15,12],"tags":[2767,51],"_links":{"self":[{"href":"https:\/\/centralmedia.rs\/index.php\/wp-json\/wp\/v2\/posts\/16200"}],"collection":[{"href":"https:\/\/centralmedia.rs\/index.php\/wp-json\/wp\/v2\/posts"}],"about":[{"href":"https:\/\/centralmedia.rs\/index.php\/wp-json\/wp\/v2\/types\/post"}],"author":[{"embeddable":true,"href":"https:\/\/centralmedia.rs\/index.php\/wp-json\/wp\/v2\/users\/2"}],"replies":[{"embeddable":true,"href":"https:\/\/centralmedia.rs\/index.php\/wp-json\/wp\/v2\/comments?post=16200"}],"version-history":[{"count":1,"href":"https:\/\/centralmedia.rs\/index.php\/wp-json\/wp\/v2\/posts\/16200\/revisions"}],"predecessor-version":[{"id":16202,"href":"https:\/\/centralmedia.rs\/index.php\/wp-json\/wp\/v2\/posts\/16200\/revisions\/16202"}],"wp:featuredmedia":[{"embeddable":true,"href":"https:\/\/centralmedia.rs\/index.php\/wp-json\/wp\/v2\/media\/16201"}],"wp:attachment":[{"href":"https:\/\/centralmedia.rs\/index.php\/wp-json\/wp\/v2\/media?parent=16200"}],"wp:term":[{"taxonomy":"category","embeddable":true,"href":"https:\/\/centralmedia.rs\/index.php\/wp-json\/wp\/v2\/categories?post=16200"},{"taxonomy":"post_tag","embeddable":true,"href":"https:\/\/centralmedia.rs\/index.php\/wp-json\/wp\/v2\/tags?post=16200"}],"curies":[{"name":"wp","href":"https:\/\/api.w.org\/{rel}","templated":true}]}}