{"id":16232,"date":"2019-02-14T00:44:58","date_gmt":"2019-02-14T00:44:58","guid":{"rendered":"http:\/\/centralmedia.rs\/?p=16232"},"modified":"2019-02-18T12:54:29","modified_gmt":"2019-02-18T12:54:29","slug":"koncert-zvezda-granda-nebojse-vojvodica-i-jelene-gerbec","status":"publish","type":"post","link":"https:\/\/centralmedia.rs\/index.php\/2019\/02\/14\/koncert-zvezda-granda-nebojse-vojvodica-i-jelene-gerbec\/","title":{"rendered":"Koncert Zvezda Granda Neboj\u0161e Vojvodi\u0107a i Jelene Gerbec"},"content":{"rendered":"<p>\u010cAJETINA- U subotu 16. februara u\u00a021\u00a0\u010das\u00a0na Kraljevom trgu na Zlatiboru bi\u0107e odr\u017ean koncert \u201e Zvezda Granda\u201c Neboj\u0161e Vojvodi\u0107a i Jelene Gerbec. Organizatori koncerta su op\u0161tina \u010cajetina i Turisti\u010dka organizacija Zlatibor.<\/p>\n","protected":false},"excerpt":{"rendered":"<p>\u010cAJETINA- U subotu 16. februara u\u00a021\u00a0\u010das\u00a0na Kraljevom trgu na Zlatiboru bi\u0107e odr\u017ean koncert \u201e Zvezda Granda\u201c Neboj\u0161e Vojvodi\u0107a i Jelene Gerbec. Organizatori koncerta su op\u0161tina &hellip; <\/p>\n","protected":false},"author":2,"featured_media":16233,"comment_status":"open","ping_status":"open","sticky":false,"template":"","format":"standard","meta":{"footnotes":""},"categories":[2875,1524,2,23,3055],"tags":[3492,2876,3493],"_links":{"self":[{"href":"https:\/\/centralmedia.rs\/index.php\/wp-json\/wp\/v2\/posts\/16232"}],"collection":[{"href":"https:\/\/centralmedia.rs\/index.php\/wp-json\/wp\/v2\/posts"}],"about":[{"href":"https:\/\/centralmedia.rs\/index.php\/wp-json\/wp\/v2\/types\/post"}],"author":[{"embeddable":true,"href":"https:\/\/centralmedia.rs\/index.php\/wp-json\/wp\/v2\/users\/2"}],"replies":[{"embeddable":true,"href":"https:\/\/centralmedia.rs\/index.php\/wp-json\/wp\/v2\/comments?post=16232"}],"version-history":[{"count":1,"href":"https:\/\/centralmedia.rs\/index.php\/wp-json\/wp\/v2\/posts\/16232\/revisions"}],"predecessor-version":[{"id":16234,"href":"https:\/\/centralmedia.rs\/index.php\/wp-json\/wp\/v2\/posts\/16232\/revisions\/16234"}],"wp:featuredmedia":[{"embeddable":true,"href":"https:\/\/centralmedia.rs\/index.php\/wp-json\/wp\/v2\/media\/16233"}],"wp:attachment":[{"href":"https:\/\/centralmedia.rs\/index.php\/wp-json\/wp\/v2\/media?parent=16232"}],"wp:term":[{"taxonomy":"category","embeddable":true,"href":"https:\/\/centralmedia.rs\/index.php\/wp-json\/wp\/v2\/categories?post=16232"},{"taxonomy":"post_tag","embeddable":true,"href":"https:\/\/centralmedia.rs\/index.php\/wp-json\/wp\/v2\/tags?post=16232"}],"curies":[{"name":"wp","href":"https:\/\/api.w.org\/{rel}","templated":true}]}}