{"id":16237,"date":"2019-02-14T00:48:40","date_gmt":"2019-02-14T00:48:40","guid":{"rendered":"http:\/\/centralmedia.rs\/?p=16237"},"modified":"2019-02-18T12:54:50","modified_gmt":"2019-02-18T12:54:50","slug":"prvi-sretenjski-market-u-hotelu-mona-na-zlatiboru","status":"publish","type":"post","link":"https:\/\/centralmedia.rs\/index.php\/2019\/02\/14\/prvi-sretenjski-market-u-hotelu-mona-na-zlatiboru\/","title":{"rendered":"Prvi &#8221; Sretenjski market&#8221; u hotelu Mona na Zlatiboru"},"content":{"rendered":"<p>\u010cAJETINA- Hotel &#8220;Zlatibor Mona&#8221;\u00a0 ove godine prvi put organizuje sajamsku manifestaciju \u201cSretenjski market\u201d od\u00a014. do 16. februara \u00a02019. godine. Tema sajma su autenti\u010dni proizvodi i ukusi Srbije.<\/p>\n<p>Hotel \u201eZlatibor Mona\u201c na Zlatiboru prvi put ove godine, uz podr\u0161ku Turisti\u010dke organizacije Zlatibor i Turisti\u010dke organizacije U\u017eice organizuje sajamsku manifestaciju \u201eSretenjski market\u201c, osmi\u0161ljenu kao spoj tradicionalnog i savremenog, odnosno, gostima i posetiocima \u0107e ovim povodom biti ponu\u0111eni autenti\u010dni doma\u0107i gastronomski proizvodi i pi\u0107a. Prvi, sa ambicijom da, kroz izvesno vreme, preraste u tradicionalni, \u201eSretenjski market\u201c \u0107e se odr\u017eati od 14. do 16. februara u\u00a0kongresnom centru Koledo u hotelu &#8220;Zlatibor Mona&#8221; koji \u0107e na najbolji na\u010din ugostiti sve izlaga\u010de i posetioce manifestacije. Zvani\u010dno otvaranje i obra\u0107anje organizatora najavljeno je za 14 \u010dasova.<br \/>\nSpajaju\u0107i tradiciju i obi\u010daj srpskog naroda vezane za praznovanje Sretenja (15. februara), Svetog Trifuna koji mu prethodi, kao i praznik Dan zaljubljenih, Sv. Valentin, koji se od skoro po\u010deo obele\u017eavati u krugovima mla\u0111e populacije, \u201eSretenjski market\u201c ima za cilj da posetiocima ponudi odabrane autenti\u010dne ukuse: gastronomske specijalitete, vina i rakije, a sve vezano za tradiciju porodi\u010dnih i prijateljskih okupljanja povodom praznika.<\/p>\n","protected":false},"excerpt":{"rendered":"<p>\u010cAJETINA- Hotel &#8220;Zlatibor Mona&#8221;\u00a0 ove godine prvi put organizuje sajamsku manifestaciju \u201cSretenjski market\u201d od\u00a014. do 16. februara \u00a02019. godine. Tema sajma su autenti\u010dni proizvodi i &hellip; <\/p>\n","protected":false},"author":2,"featured_media":16238,"comment_status":"open","ping_status":"open","sticky":false,"template":"","format":"standard","meta":{"footnotes":""},"categories":[2875,1524,2,23,3054],"tags":[3495,2876],"_links":{"self":[{"href":"https:\/\/centralmedia.rs\/index.php\/wp-json\/wp\/v2\/posts\/16237"}],"collection":[{"href":"https:\/\/centralmedia.rs\/index.php\/wp-json\/wp\/v2\/posts"}],"about":[{"href":"https:\/\/centralmedia.rs\/index.php\/wp-json\/wp\/v2\/types\/post"}],"author":[{"embeddable":true,"href":"https:\/\/centralmedia.rs\/index.php\/wp-json\/wp\/v2\/users\/2"}],"replies":[{"embeddable":true,"href":"https:\/\/centralmedia.rs\/index.php\/wp-json\/wp\/v2\/comments?post=16237"}],"version-history":[{"count":1,"href":"https:\/\/centralmedia.rs\/index.php\/wp-json\/wp\/v2\/posts\/16237\/revisions"}],"predecessor-version":[{"id":16239,"href":"https:\/\/centralmedia.rs\/index.php\/wp-json\/wp\/v2\/posts\/16237\/revisions\/16239"}],"wp:featuredmedia":[{"embeddable":true,"href":"https:\/\/centralmedia.rs\/index.php\/wp-json\/wp\/v2\/media\/16238"}],"wp:attachment":[{"href":"https:\/\/centralmedia.rs\/index.php\/wp-json\/wp\/v2\/media?parent=16237"}],"wp:term":[{"taxonomy":"category","embeddable":true,"href":"https:\/\/centralmedia.rs\/index.php\/wp-json\/wp\/v2\/categories?post=16237"},{"taxonomy":"post_tag","embeddable":true,"href":"https:\/\/centralmedia.rs\/index.php\/wp-json\/wp\/v2\/tags?post=16237"}],"curies":[{"name":"wp","href":"https:\/\/api.w.org\/{rel}","templated":true}]}}