{"id":16243,"date":"2019-02-15T16:26:10","date_gmt":"2019-02-15T16:26:10","guid":{"rendered":"http:\/\/centralmedia.rs\/?p=16243"},"modified":"2019-02-22T00:03:07","modified_gmt":"2019-02-22T00:03:07","slug":"jedinstvena-srbija-obelezila-je-u-jagodini-stranacku-slavu-sretenje-palma-medunarodne-sankcije-kosovskim-albancima","status":"publish","type":"post","link":"https:\/\/centralmedia.rs\/index.php\/2019\/02\/15\/jedinstvena-srbija-obelezila-je-u-jagodini-stranacku-slavu-sretenje-palma-medunarodne-sankcije-kosovskim-albancima\/","title":{"rendered":"Jedinstvena Srbija obele\u017eila je u Jagodini  strana\u010dku slavu Sretenje  &#8211; PALMA: ME\u0110UNARODNE SANKCIJE KOSOVSKIM ALBANCIMA"},"content":{"rendered":"<p>JAGODINA- Jedinstvena Srbija obele\u017eila je u Jagodini strana\u010dku slavu Sretenje rezanjem slavskog kola\u010da kome su, osim predsednika Jedinstvene Srbije i predsednika Skup\u0161tine grada Jagodine Dragana Markovi\u0107a Palme i naju\u017eeg strana\u010dkog rukovodstva, prisustvovali sve\u0161tenici jagodinske Saborne crkve i zvanice iz politi\u010dkog i javnog \u017eivota grada. Pozdravljaju\u0107i prisutne Markovi\u0107 je istakao\u00a0\u00a0da je Jedinstvena Srbija\u00a0\u00a0formirana\u00a0\u00a0pre 15 godina i da je to jedina politi\u010dka partija u Srbiji koja nema sedi\u0161te u Beogradu.<\/p>\n<div id='gallery-1' class='gallery galleryid-16243 gallery-columns-7 gallery-size-thumbnail'><figure class='gallery-item'>\n\t\t\t<div class='gallery-icon landscape'>\n\t\t\t\t<a href='https:\/\/centralmedia.rs\/index.php\/2019\/02\/15\/jedinstvena-srbija-obelezila-je-u-jagodini-stranacku-slavu-sretenje-palma-medunarodne-sankcije-kosovskim-albancima\/palma-facebook-1\/'><img loading=\"lazy\" decoding=\"async\" width=\"150\" height=\"150\" src=\"https:\/\/centralmedia.rs\/wp-content\/uploads\/2019\/02\/palma-facebook-1-150x150.jpg\" class=\"attachment-thumbnail size-thumbnail\" alt=\"\" \/><\/a>\n\t\t\t<\/div><\/figure><figure class='gallery-item'>\n\t\t\t<div class='gallery-icon landscape'>\n\t\t\t\t<a href='https:\/\/centralmedia.rs\/index.php\/2019\/02\/15\/jedinstvena-srbija-obelezila-je-u-jagodini-stranacku-slavu-sretenje-palma-medunarodne-sankcije-kosovskim-albancima\/palma-facebook-2\/'><img loading=\"lazy\" decoding=\"async\" width=\"150\" height=\"150\" src=\"https:\/\/centralmedia.rs\/wp-content\/uploads\/2019\/02\/palma-facebook-2-150x150.jpg\" class=\"attachment-thumbnail size-thumbnail\" alt=\"\" \/><\/a>\n\t\t\t<\/div><\/figure><figure class='gallery-item'>\n\t\t\t<div class='gallery-icon landscape'>\n\t\t\t\t<a href='https:\/\/centralmedia.rs\/index.php\/2019\/02\/15\/jedinstvena-srbija-obelezila-je-u-jagodini-stranacku-slavu-sretenje-palma-medunarodne-sankcije-kosovskim-albancima\/palma-facebook-3\/'><img loading=\"lazy\" decoding=\"async\" width=\"150\" height=\"150\" src=\"https:\/\/centralmedia.rs\/wp-content\/uploads\/2019\/02\/palma-facebook-3-150x150.jpg\" class=\"attachment-thumbnail size-thumbnail\" alt=\"\" \/><\/a>\n\t\t\t<\/div><\/figure><figure class='gallery-item'>\n\t\t\t<div class='gallery-icon landscape'>\n\t\t\t\t<a href='https:\/\/centralmedia.rs\/index.php\/2019\/02\/15\/jedinstvena-srbija-obelezila-je-u-jagodini-stranacku-slavu-sretenje-palma-medunarodne-sankcije-kosovskim-albancima\/palma-facebook-4\/'><img loading=\"lazy\" decoding=\"async\" width=\"150\" height=\"150\" src=\"https:\/\/centralmedia.rs\/wp-content\/uploads\/2019\/02\/palma-facebook-4-150x150.jpg\" class=\"attachment-thumbnail size-thumbnail\" alt=\"\" \/><\/a>\n\t\t\t<\/div><\/figure><figure class='gallery-item'>\n\t\t\t<div class='gallery-icon landscape'>\n\t\t\t\t<a href='https:\/\/centralmedia.rs\/index.php\/2019\/02\/15\/jedinstvena-srbija-obelezila-je-u-jagodini-stranacku-slavu-sretenje-palma-medunarodne-sankcije-kosovskim-albancima\/palma-facebook-5\/'><img loading=\"lazy\" decoding=\"async\" width=\"150\" height=\"150\" src=\"https:\/\/centralmedia.rs\/wp-content\/uploads\/2019\/02\/palma-facebook-5-150x150.jpg\" class=\"attachment-thumbnail size-thumbnail\" alt=\"\" \/><\/a>\n\t\t\t<\/div><\/figure><figure class='gallery-item'>\n\t\t\t<div class='gallery-icon landscape'>\n\t\t\t\t<a href='https:\/\/centralmedia.rs\/index.php\/2019\/02\/15\/jedinstvena-srbija-obelezila-je-u-jagodini-stranacku-slavu-sretenje-palma-medunarodne-sankcije-kosovskim-albancima\/palma-facebook-7\/'><img loading=\"lazy\" decoding=\"async\" width=\"150\" height=\"150\" src=\"https:\/\/centralmedia.rs\/wp-content\/uploads\/2019\/02\/palma-facebook-7-150x150.jpg\" class=\"attachment-thumbnail size-thumbnail\" alt=\"\" \/><\/a>\n\t\t\t<\/div><\/figure><figure class='gallery-item'>\n\t\t\t<div class='gallery-icon landscape'>\n\t\t\t\t<a href='https:\/\/centralmedia.rs\/index.php\/2019\/02\/15\/jedinstvena-srbija-obelezila-je-u-jagodini-stranacku-slavu-sretenje-palma-medunarodne-sankcije-kosovskim-albancima\/palma-facebook\/'><img loading=\"lazy\" decoding=\"async\" width=\"150\" height=\"150\" src=\"https:\/\/centralmedia.rs\/wp-content\/uploads\/2019\/02\/palma-facebook-150x150.jpg\" class=\"attachment-thumbnail size-thumbnail\" alt=\"\" \/><\/a>\n\t\t\t<\/div><\/figure>\n\t\t<\/div>\n\n<p>-Jedinstvena Srbija je velika politi\u010dka partija\u00a0\u00a0i ne bih se slo\u017eio sa onima koji ka\u017eu da to nismo jer nemamo ministre. Ne treba neko da bude ministar pa da radi dobro za Srbiju. Na\u0161i poslanici u parlamentu su uvek bili u funkciji gradjana i sve ono \u0161to je bilo u interesu Srbije to su i glasali. Danas je\u00a0\u00a0dr\u017eavni praznik, crkveni praznik i crveno slovo i\u00a0zato pozivam opoziciju da ako im je ne\u0161to sveto u \u017eivotu, da danas onda ne \u0161etaju, jer ne znam\u00a0za koga ili protiv koga bi to radili. Ako su\u00a0na sednici Saveta Bezbednosti Ujedinjenih nacija sve dr\u017eave podr\u017eale Srbiju i tra\u017eile od kosovskih Albanaca da ukinu takse od 100 odsto, onda mi u Srbiji ako smo dr\u017eavotvorni i pravoslavci treba da poka\u017eemo svetu da smo bar jedan dan u godini jedinstveni, kazao je Markovi\u0107<\/p>\n<p>Predsednik Jedinstvene Srbije Dragan Markovi\u0107 Palma je napomenuo da zbog poslednjeg glasanja u Savetu Bezbednosti kada su Sjedinjene Ameri\u010dke\u00a0\u00a0Dr\u017eave, Englesaka i Nema\u010dka glasale da se ukinu takse pokazuje da je pravda spora ali dosti\u017ena. On je dodao i da se prvi put dogodilo da generalni sekretar NATO Jens Stoltenberg ka\u017ee kosovskim Albancima da njihovo oru\u017eane snage ne\u0107e mo\u0107i na sever Kosova bez saglasnosti KFOR-a\u00a0\u00a0i Srba koji tamo \u017eive.<\/p>\n<p>&#8211; Njegove re\u010du ulivaju sigurnost Srbima\u00a0\u00a0koji \u017eive na Kosovu, me\u0111utim,\u00a0\u00a0za nas to nije dovoljno. Moja poruka me\u0111unarodnoj zajednici je\u00a0\u00a0da zbog nepo\u0161tovanja Briselskog sporazuma uvede sankcije kosovskim Albancima, zaklju\u010dio je Markovi\u0107.<\/p>\n<p>Markovi\u0107 je\u00a0\u00a0takodje istakao i doprinos Jedinstvene Srbije me\u0111unarodnoj\u00a0\u00a0popularnosti koju Srbija ima. On je rekao da posle njegove posete\u00a0\u00a0Turskoj\u00a0\u00a0gde\u00a0\u00a0je primljen na najvi\u0161em nivou od predstavnika te dr\u017eave nisu mogle da se vi\u0161e\u00a0\u00a0\u010duju\u00a0\u00a0militantne poruke kao \u0161to je to bio slu\u010daj nekada. Tako\u0111e je rekao da je\u00a0\u00a0tokom posete Egiptu od guvrnera oblasti Crvenog Mora\u00a0\u00a0Ahmeda Abdulaha\u00a0\u00a0dobio uveravanja da ta \u0107e dr\u017eava biti uzdr\u017eana prilikom glasanja za prijem Kosova u Interpol , a \u0161to je potvrdio\u00a0\u00a0i predsednik Egipta Abdel Fatah el Sisi. Predsednik JS je rekao da u potpunosti podr\u017eava\u00a0\u00a0dr\u017eavnu politiku predsednika Srbije Aleksandra Vu\u010di\u0107a kao i ministra spoljnih poslova\u00a0\u00a0Ivice Da\u010di\u0107a. On je najavio odlazak 850 studenata, privrednika, prosvetnih radnika, zaposlenih u vrti\u0107ima i\u00a0javnim preduze\u0107ima u organizaciji grada Jagodine, a o tro\u0161ku donator,\u00a0\u00a0za Be\u010d gde \u0107e on imati sastanke sa gradona\u010delnikom austrijske prestonice Mihaelom Ludvigom i\u00a0predsednikom slobodarske partije austrije Hanc Kristijan \u0160traheom. Kako je Markovi\u0107 rekao\u00a0on \u0107e tada\u00a0\u00a0sa njima razgovarati o evropskom putu Srbije, ali i nepo\u0161tovanju Briselskog sporazuma od strane kosovskih Albanaca. Kola\u010dar na slavi Jedinstve Srbije za ovu godinu bio je Dejan Jovanovi\u0107 predsednik GO JS u U\u017eicu, dok \u0107e naredne godine biti Vojislav Vuji\u0107 iz Vrnja\u010dke Banje potpredsednik Jedinstvene Srbije i narodni poslanik.<\/p>\n","protected":false},"excerpt":{"rendered":"<p>JAGODINA- Jedinstvena Srbija obele\u017eila je u Jagodini strana\u010dku slavu Sretenje rezanjem slavskog kola\u010da kome su, osim predsednika Jedinstvene Srbije i predsednika Skup\u0161tine grada Jagodine Dragana &hellip; <\/p>\n","protected":false},"author":2,"featured_media":16244,"comment_status":"open","ping_status":"open","sticky":false,"template":"","format":"standard","meta":{"footnotes":""},"categories":[1524,2,1514,13,12],"tags":[544,148,120,142,543],"_links":{"self":[{"href":"https:\/\/centralmedia.rs\/index.php\/wp-json\/wp\/v2\/posts\/16243"}],"collection":[{"href":"https:\/\/centralmedia.rs\/index.php\/wp-json\/wp\/v2\/posts"}],"about":[{"href":"https:\/\/centralmedia.rs\/index.php\/wp-json\/wp\/v2\/types\/post"}],"author":[{"embeddable":true,"href":"https:\/\/centralmedia.rs\/index.php\/wp-json\/wp\/v2\/users\/2"}],"replies":[{"embeddable":true,"href":"https:\/\/centralmedia.rs\/index.php\/wp-json\/wp\/v2\/comments?post=16243"}],"version-history":[{"count":1,"href":"https:\/\/centralmedia.rs\/index.php\/wp-json\/wp\/v2\/posts\/16243\/revisions"}],"predecessor-version":[{"id":16252,"href":"https:\/\/centralmedia.rs\/index.php\/wp-json\/wp\/v2\/posts\/16243\/revisions\/16252"}],"wp:featuredmedia":[{"embeddable":true,"href":"https:\/\/centralmedia.rs\/index.php\/wp-json\/wp\/v2\/media\/16244"}],"wp:attachment":[{"href":"https:\/\/centralmedia.rs\/index.php\/wp-json\/wp\/v2\/media?parent=16243"}],"wp:term":[{"taxonomy":"category","embeddable":true,"href":"https:\/\/centralmedia.rs\/index.php\/wp-json\/wp\/v2\/categories?post=16243"},{"taxonomy":"post_tag","embeddable":true,"href":"https:\/\/centralmedia.rs\/index.php\/wp-json\/wp\/v2\/tags?post=16243"}],"curies":[{"name":"wp","href":"https:\/\/api.w.org\/{rel}","templated":true}]}}