{"id":16259,"date":"2019-02-18T12:40:51","date_gmt":"2019-02-18T12:40:51","guid":{"rendered":"http:\/\/centralmedia.rs\/?p=16259"},"modified":"2019-02-22T00:03:32","modified_gmt":"2019-02-22T00:03:32","slug":"policija-uhapsila-osumnjicene-za-paljenje-dzipa-direktora-cuprijske-bolnice","status":"publish","type":"post","link":"https:\/\/centralmedia.rs\/index.php\/2019\/02\/18\/policija-uhapsila-osumnjicene-za-paljenje-dzipa-direktora-cuprijske-bolnice\/","title":{"rendered":"POLICIJA UHAPSILA OSUMNJI\u010cENE ZA PALJENJE D\u017dIPA DIREKTORA \u0106UPRIJSKE BOLNICE"},"content":{"rendered":"<p>\u0106UPRIJA- Pripadnici Ministarstva unutra\u0161njih poslova u \u0106upriji uhapsili su L. \u0160. (22) i G. J. (22) iz \u0106uprije zbog postojanja osnova sumnje da su izvr\u0161ili krivi\u010dno delo izazivanje op\u0161te opasnosti, saop\u0161tila je policija.<\/p>\n<p>Policija sumnja da je L. \u0160. u no\u0107i izme\u0111u 6. i 7. februara ove godine u \u0106upriji, zapaljivom te\u010dno\u0161\u0107u polio automobil, marke \u201ehjundai\u201c, vlasni\u0161tvo pedesetsedmogodi\u0161nje \u017eene, a potom ga zapalio.<\/p>\n<p>U po\u017earu nije bilo povre\u0111enih, a automobil je u potpunosti izgoreo.<\/p>\n<p>Policija G. J. sumnji\u010di da je L. \u0160. dovezao do porodi\u010dne ku\u0107e ispred koje je bio parkiran \u201ehjundai\u201c, sa\u010dekao ga dok je kako se sumnja podmetnuo po\u017ear, a potom ga odvezao.<\/p>\n<p>Policija je prilikom pretresa stana koji koristi L. \u0160. prona\u0161la manju koli\u010dinu marihuane, te je osumnji\u010den i za krivi\u010dno delo neovla\u0161\u0107ena proizvodnja i stavljanje u promet opojnih droga.<\/p>\n<p>Osumnji\u010deni su, uz krivi\u010dnu prijavu, privedeni nadle\u017enim tu\u017eila\u0161tvima.<\/p>\n<p>Re\u010d je o d\u017eipu koji je bio u vlasni\u0161tvu supruge direktora \u0107uprijske Op\u0161te bolnice dr Slobodana Gaji\u0107a<\/p>\n<h4><\/h4>\n","protected":false},"excerpt":{"rendered":"<p>\u0106UPRIJA- Pripadnici Ministarstva unutra\u0161njih poslova u \u0106upriji uhapsili su L. \u0160. (22) i G. J. (22) iz \u0106uprije zbog postojanja osnova sumnje da su izvr\u0161ili &hellip; <\/p>\n","protected":false},"author":2,"featured_media":13881,"comment_status":"open","ping_status":"open","sticky":false,"template":"","format":"standard","meta":{"footnotes":""},"categories":[1515,1524,20,2,12],"tags":[135,44,1668,3497],"_links":{"self":[{"href":"https:\/\/centralmedia.rs\/index.php\/wp-json\/wp\/v2\/posts\/16259"}],"collection":[{"href":"https:\/\/centralmedia.rs\/index.php\/wp-json\/wp\/v2\/posts"}],"about":[{"href":"https:\/\/centralmedia.rs\/index.php\/wp-json\/wp\/v2\/types\/post"}],"author":[{"embeddable":true,"href":"https:\/\/centralmedia.rs\/index.php\/wp-json\/wp\/v2\/users\/2"}],"replies":[{"embeddable":true,"href":"https:\/\/centralmedia.rs\/index.php\/wp-json\/wp\/v2\/comments?post=16259"}],"version-history":[{"count":2,"href":"https:\/\/centralmedia.rs\/index.php\/wp-json\/wp\/v2\/posts\/16259\/revisions"}],"predecessor-version":[{"id":16261,"href":"https:\/\/centralmedia.rs\/index.php\/wp-json\/wp\/v2\/posts\/16259\/revisions\/16261"}],"wp:featuredmedia":[{"embeddable":true,"href":"https:\/\/centralmedia.rs\/index.php\/wp-json\/wp\/v2\/media\/13881"}],"wp:attachment":[{"href":"https:\/\/centralmedia.rs\/index.php\/wp-json\/wp\/v2\/media?parent=16259"}],"wp:term":[{"taxonomy":"category","embeddable":true,"href":"https:\/\/centralmedia.rs\/index.php\/wp-json\/wp\/v2\/categories?post=16259"},{"taxonomy":"post_tag","embeddable":true,"href":"https:\/\/centralmedia.rs\/index.php\/wp-json\/wp\/v2\/tags?post=16259"}],"curies":[{"name":"wp","href":"https:\/\/api.w.org\/{rel}","templated":true}]}}