{"id":1626,"date":"2015-12-22T12:56:13","date_gmt":"2015-12-22T12:56:13","guid":{"rendered":"http:\/\/centralmedia.rs\/?p=1626"},"modified":"2015-12-22T12:58:19","modified_gmt":"2015-12-22T12:58:19","slug":"privatizacija-ravanice-stecaj-ili-podrzavljenje","status":"publish","type":"post","link":"https:\/\/centralmedia.rs\/index.php\/2015\/12\/22\/privatizacija-ravanice-stecaj-ili-podrzavljenje\/","title":{"rendered":"PRIVATIZACIJA RAVANICE &#8211; STE\u010cAJ ILI PODR\u017dAVLJENJE"},"content":{"rendered":"<p>\u0106UPRIJA-Fabrika konditorskih proizvoda Ravanica iz \u0106uprije bi\u0107e podr\u017eavljena ili ide u ste\u010daj, izjavio je predsednik Op\u0161tine \u0106uprija Ninoslav Eri\u0107- SNS i dodao da je ta fabrika sa 400 radnika ,,ni nebu, ni na zemlji\u201c.<br \/>\n       -Postoje dve varijante, a to su da Ravanica postane dr\u017eavno preduze\u0107e, a druga da ode u ste\u010daj, jer je rok za zavr\u0161etak privatizacije 31. decembar.  To  zavisi od Ministarstva privredne, objasio je on i ustvrdio  da ,,dr\u017eava nije u u\u0161la u Ravanicu poslenjih 20 godina i ne zna se \u0161ta se tamo radi\u201c.<br \/>\n      -Mislim da je na redu da Ravanica do\u0111e pod okrilje dr\u017eave i da dr\u017eava vidi \u0161ta se tamo radilo poslednje dve decenije. Razni poku\u0161aji  dr\u017eave da u\u0111e u Ravanicu nikada nisu uspeli, ali mislim da je dr\u017eva odlu\u010dna i da \u0107e posle 1. janura biti jasnija slika tog preduze\u0107a. Na sajtu Agencije za privatizaciju mo\u017ee te videti o kakvom se menad\u017eementu radi, navodi Eri\u0107.<br \/>\nBranko Stojanovi\u0107 direktor Ravanice sa iznena\u0111enjem ka\u017ee da prvi put \u010duje \u010dinjenica koje je rekao Eri\u0107, te da je to preduze\u0107e predalo svu dokumentaciju Agenciju za privatizaciju.<br \/>\n-\u010cekamo njihove korake, oni to malo sporije rade, nemam druge informacije. Bilo je puno krajnjih rokova privatizacije, ali mi nije jasno otkud Eri\u0107u da mi idemo u ste\u010daj. Onda on bolje zna od mene, ne bih hteo dalje da  diskutujem, rekao je on.<br \/>\nNezvani\u010dno saznajemo da je imovina Ravanice procenjena na preko 8 miliona evra, da se o\u010dekuje raspisivanje tendera, kao i njegov neuspeh zbog visoke cene. Za te poslove bi\u0107e potrebno bar pola godine, odnosno bi\u0107e kupljeno vreme, a zatim da se poku\u0161a solucija podele akcija radnicima ili podr\u017eavljenja fabrike.<br \/>\nRavanica je u postupku privatizacije od 2001 godine. Posle prvog neuspelog tendera, vi\u0161e nije bila nu\u0111ena na prodaju. Dr\u017eava je imenovala 2009 godine nove zastuonike kapitala, ali radnici su \u0161trajkom vratili predhodno rukovodstvo. U lokalnom parlamentu postoji GG Ravanica, koju \u010dine odbornici iz te fabrike. <\/p>\n","protected":false},"excerpt":{"rendered":"<p>\u0106UPRIJA-Fabrika konditorskih proizvoda Ravanica iz \u0106uprije bi\u0107e podr\u017eavljena ili ide u ste\u010daj, izjavio je predsednik Op\u0161tine \u0106uprija Ninoslav Eri\u0107- SNS i dodao da je ta &hellip; <\/p>\n","protected":false},"author":4,"featured_media":1627,"comment_status":"open","ping_status":"open","sticky":false,"template":"","format":"standard","meta":{"footnotes":""},"categories":[22,2,12],"tags":[44,193,386],"_links":{"self":[{"href":"https:\/\/centralmedia.rs\/index.php\/wp-json\/wp\/v2\/posts\/1626"}],"collection":[{"href":"https:\/\/centralmedia.rs\/index.php\/wp-json\/wp\/v2\/posts"}],"about":[{"href":"https:\/\/centralmedia.rs\/index.php\/wp-json\/wp\/v2\/types\/post"}],"author":[{"embeddable":true,"href":"https:\/\/centralmedia.rs\/index.php\/wp-json\/wp\/v2\/users\/4"}],"replies":[{"embeddable":true,"href":"https:\/\/centralmedia.rs\/index.php\/wp-json\/wp\/v2\/comments?post=1626"}],"version-history":[{"count":0,"href":"https:\/\/centralmedia.rs\/index.php\/wp-json\/wp\/v2\/posts\/1626\/revisions"}],"wp:featuredmedia":[{"embeddable":true,"href":"https:\/\/centralmedia.rs\/index.php\/wp-json\/wp\/v2\/media\/1627"}],"wp:attachment":[{"href":"https:\/\/centralmedia.rs\/index.php\/wp-json\/wp\/v2\/media?parent=1626"}],"wp:term":[{"taxonomy":"category","embeddable":true,"href":"https:\/\/centralmedia.rs\/index.php\/wp-json\/wp\/v2\/categories?post=1626"},{"taxonomy":"post_tag","embeddable":true,"href":"https:\/\/centralmedia.rs\/index.php\/wp-json\/wp\/v2\/tags?post=1626"}],"curies":[{"name":"wp","href":"https:\/\/api.w.org\/{rel}","templated":true}]}}