{"id":16268,"date":"2019-02-19T10:08:15","date_gmt":"2019-02-19T10:08:15","guid":{"rendered":"http:\/\/centralmedia.rs\/?p=16268"},"modified":"2019-02-22T00:03:53","modified_gmt":"2019-02-22T00:03:53","slug":"palma-kosovo-i-taci-ostali-bez-argumenata-i-advokata","status":"publish","type":"post","link":"https:\/\/centralmedia.rs\/index.php\/2019\/02\/19\/palma-kosovo-i-taci-ostali-bez-argumenata-i-advokata\/","title":{"rendered":"PALMA : KOSOVO I TA\u010cI OSTALI BEZ ARGUMENATA I \u201cADVOKATA\u201d"},"content":{"rendered":"<div class=\"adn ads\" data-message-id=\"#msg-f:1625709617566338194\" data-legacy-message-id=\"168fae48a6fa4c92\">\n<div class=\"gs\">\n<div class=\"\">\n<div id=\":1n3\" class=\"ii gt\">\n<div id=\":1n4\" class=\"a3s aXjCH \">\n<div dir=\"ltr\">\n<div dir=\"ltr\">\n<p>\u201cJu\u010dera\u0161nja panel diskusija na Minhenskom bezbednosnom forumu je sve pokazala, na osnovu diskusije predsednika Srbije Aleksandra Vu\u010di\u0107a i predsednika takozvanog nezavisnog Kosova Ha\u0161ima Ta\u010dija. Ta\u010di je izgledao kao okrivljeni koji nema nijedan argument, pa se brani \u0107utanjem, a odrekli su mu i advokati, odnosno \u010dlanice u Savetu bezbednosti Ujedinjenih nacija, koje su priznale takozvano nezavisno Kosovo, jer su svi, jednoglasno, u Savetu bezbednosti Ujedinjenih nacija tra\u017eili da Pri\u0161tina povu\u010de takse na robu iz Srbije i Bosne i Hercegovine\u201d, izjavio je predsednik Srbije, Dragan Markovi\u0107 Palma. \u201cNa pitanje predsednika Srbije Aleksandra Vu\u010di\u0107a \u201cpoka\u017eite mi gde pi\u0161e u Briselskom sporazumu da je obaveza Srbije da se ne protivi ulasku Kosova u institucije me\u0111unarodne zajednice\u201d , Ta\u010di je presko\u010dio taj odgovor \u0107utanjem. Iznenadilo me je \u0161to je i Johanes Han \u0107utao i nije se uklju\u010divao u diskusiju. \u0106utanje me\u0111unarodnih zvani\u010dnika, kao ju\u010dera\u0161nje Johanesa Hana, se mo\u017ee protuma\u010diti kao odobravanje, u ovom slu\u010daju stavova predsednika Srbije Aleksandra Vu\u010di\u0107a\u201d, rekao je Markovi\u0107.\u201d\u0160to se ti\u010de 11. godi\u0161njice jednostranog progla\u0161enja nezavisnosti takozvanog Kosova, albanskim vo\u0111ama na Kosovu, pre svega Ta\u010diju, Haradinaju i Veseljiju, umesto \u010destitki, treba poslati pozivnice za Sud za ratne zlo\u010dine\u201d , izjavio je predsednik Jedinstvene Srbije.<\/p>\n<\/div>\n<\/div>\n<div class=\"yj6qo\"><\/div>\n<div class=\"adL\"><\/div>\n<\/div>\n<\/div>\n<div class=\"hi\"><\/div>\n<\/div>\n<\/div>\n<div class=\"ajx\"><\/div>\n<\/div>\n<div class=\"gA gt acV\">\n<div class=\"gB xu\">\n<div class=\"ip iq\">\n<div id=\":1n2\">\n<table class=\"cf wS\" role=\"presentation\">\n<tbody>\n<tr>\n<td class=\"amq\"><img decoding=\"async\" id=\":ke_10\" class=\"ajn bofPge\" src=\"https:\/\/ssl.gstatic.com\/ui\/v1\/icons\/mail\/no_photo.png\" name=\":ke\" data-hovercard-id=\"centralmedia15@gmail.com\" \/><\/td>\n<td class=\"amr\">\n<div class=\"nr wR\">\n<div class=\"amn\"><span id=\":m4\" class=\"ams bkH\" tabindex=\"0\" role=\"link\">\u041e\u0434\u0433\u043e\u0432\u043e\u0440\u0438<\/span><span id=\":1nd\" class=\"ams bkI\" tabindex=\"0\" role=\"link\">\u041e\u0434\u0433\u043e\u0432\u043e\u0440\u0438 \u0441\u0432\u0438\u043c\u0430<\/span><span id=\":1nc\" class=\"ams bkG\" tabindex=\"0\" role=\"link\">\u041f\u0440\u043e\u0441\u043b\u0435\u0434\u0438<\/span><\/div>\n<\/div>\n<\/td>\n<\/tr>\n<\/tbody>\n<\/table>\n<\/div>\n<\/div>\n<\/div>\n<\/div>\n","protected":false},"excerpt":{"rendered":"<p>\u201cJu\u010dera\u0161nja panel diskusija na Minhenskom bezbednosnom forumu je sve pokazala, na osnovu diskusije predsednika Srbije Aleksandra Vu\u010di\u0107a i predsednika takozvanog nezavisnog Kosova Ha\u0161ima Ta\u010dija. Ta\u010di &hellip; <\/p>\n","protected":false},"author":2,"featured_media":16269,"comment_status":"open","ping_status":"open","sticky":false,"template":"","format":"standard","meta":{"footnotes":""},"categories":[1524,2,1514,13,12],"tags":[3499,120,3498,63],"_links":{"self":[{"href":"https:\/\/centralmedia.rs\/index.php\/wp-json\/wp\/v2\/posts\/16268"}],"collection":[{"href":"https:\/\/centralmedia.rs\/index.php\/wp-json\/wp\/v2\/posts"}],"about":[{"href":"https:\/\/centralmedia.rs\/index.php\/wp-json\/wp\/v2\/types\/post"}],"author":[{"embeddable":true,"href":"https:\/\/centralmedia.rs\/index.php\/wp-json\/wp\/v2\/users\/2"}],"replies":[{"embeddable":true,"href":"https:\/\/centralmedia.rs\/index.php\/wp-json\/wp\/v2\/comments?post=16268"}],"version-history":[{"count":1,"href":"https:\/\/centralmedia.rs\/index.php\/wp-json\/wp\/v2\/posts\/16268\/revisions"}],"predecessor-version":[{"id":16270,"href":"https:\/\/centralmedia.rs\/index.php\/wp-json\/wp\/v2\/posts\/16268\/revisions\/16270"}],"wp:featuredmedia":[{"embeddable":true,"href":"https:\/\/centralmedia.rs\/index.php\/wp-json\/wp\/v2\/media\/16269"}],"wp:attachment":[{"href":"https:\/\/centralmedia.rs\/index.php\/wp-json\/wp\/v2\/media?parent=16268"}],"wp:term":[{"taxonomy":"category","embeddable":true,"href":"https:\/\/centralmedia.rs\/index.php\/wp-json\/wp\/v2\/categories?post=16268"},{"taxonomy":"post_tag","embeddable":true,"href":"https:\/\/centralmedia.rs\/index.php\/wp-json\/wp\/v2\/tags?post=16268"}],"curies":[{"name":"wp","href":"https:\/\/api.w.org\/{rel}","templated":true}]}}