{"id":16271,"date":"2019-02-19T10:12:25","date_gmt":"2019-02-19T10:12:25","guid":{"rendered":"http:\/\/centralmedia.rs\/?p=16271"},"modified":"2019-02-22T00:04:01","modified_gmt":"2019-02-22T00:04:01","slug":"ministar-dordevic-u-prisustvu-palme-urucio-czs-sanitet-palma-narod-nece-dozvoliti-da-srbija-stane-i-da-se-vrati-unazad","status":"publish","type":"post","link":"https:\/\/centralmedia.rs\/index.php\/2019\/02\/19\/ministar-dordevic-u-prisustvu-palme-urucio-czs-sanitet-palma-narod-nece-dozvoliti-da-srbija-stane-i-da-se-vrati-unazad\/","title":{"rendered":"Ministar \u0110or\u0111evi\u0107, u prisustvu Palme, uru\u010dio CZS sanitet &#8211;  PALMA :  NAROD NE\u0106E DOZVOLITI DA SRBIJA STANE I DA SE VRATI UNAZAD"},"content":{"rendered":"<p style=\"font-weight: 400;\">\u201e\u017delim da se zahvalim ministru \u0110or\u0111evi\u0107u i da ka\u017eem da je ovo pravi na\u010din kako se pokazuje decentralizacija i da nije kao pre 7 , 8 ili 9 godina, kada je ne\u0161to \u0161to se nabavilo ovakvog tipa ostajalo u Beogradu. Sada se Srbija decentralizuje. Danas je te\u0161ko obezbediti svakoj porodici ono \u0161to joj treba, a ministar \u0110or\u0111evi\u0107 u tome uspeva. U Jagodini je 2018. godini registrovano 100 privrednih subjekata, odnosno preduze\u0107a, vi\u0161e nego u 2017. godini. To zna\u010di da su dobri uslovi u Jagodini za privredu. Jagodinska privreda, doma\u0107a i strani investitori, koji vi\u0161e i nisu strani, ostvarila je u 2018. godini za 50 posto ve\u0107i suficit nego u 2017. godini. Pove\u0107an je izvoz u evropske dr\u017eave. Kada bi sve lokalne samouprave imale suficit, onda bi ve\u0107i suficit bio na republi\u010dkom nivou i bile bi ve\u0107e plate i penzije\u201c izjavio je predsednik Skup\u0161tine grada Jagodine Dragan Markovi\u0107 Palma u zajedni\u010dkom obra\u0107anju novinarima sa ministrom Zoranom \u0110or\u0111evi\u0107em u jagodinskom Centru za socijalni rad.<\/p>\n<p style=\"font-weight: 400;\">\u201eBroj nezaposlenih na teritoriji grada Jagodine je za 10 posto manji u 2018. nego u 2017. godini, iako imamo problem koji se zove Fabrika kablova, iz koje je 2016. godine otpremnine uzelo 2300 radnika i lokalna samouprava Jagodine ima manji priliv u bud\u017eetu na osnovu poreza na plate za tih 2300 radnika. Siguran sam da su svi Centri za socijalni rad u Srbiji zadovoljni, jer imaju vetar u le\u0111a od strane ministarstva za rad i socijalnu politiku i mogu da ra\u010dunaju na vi\u0161e sredstava i na pomo\u0107i koja im je neophodna kako bi re\u0161ili problem koji se zove porodica. Porodica je osnovni stub svega i mnogo zavisi od resornog ministarstva, koji vodi ministar Zoran \u0110or\u0111evi\u0107. Posao Centra za socijalni rad je, izme\u0111u ostalog i da poku\u0161aju kada se u\u0111e u brak i kada se rode deca da postoji tolerancija i kompromis i da se borimo protiv bele kuge. Jagodina je grad koji je drugi po natalitetu u Srbiji. U 2018. godini je ro\u0111eno 100 beba vi\u0161e nego u 2017. godini\u201c rekao je Markovi\u0107. \u201eKada je u pitanju zapo\u0161ljavanje. Ovog trenutka 7 kompanija u Jagodini tra\u017ee radnike. To su fabrike Vibak, Andrea konfekcioni, Aunde, Grupa Turi, Feman, Jela, kao i trgovinsko preduze\u0107e Alfa. Oglasi idu u elektronskim i \u0161tampanim medijima. To zna\u010di da svi oni koji tra\u017ee posao mogu da ga na\u0111u i ako se prijave na radna mesta koja se tra\u017ee u tim kompanijama u Jagodini \u0107e biti 50 posto manje ljudi na birou\u201c rekao je Markovi\u0107. \u201eSrbija ide napred i ne mo\u017ee niko da je zaustavi, jer narod to ne \u017eeli. Narod ne\u0107e dozvoliti da Srbija stane i da se vrati unazad 7, 8 ili 10 godina. U Srbiji je ekonomska klima veoma pozitivna i tu ekonomsku klimu, me\u0111unarodnu popularnost i stabilnost kursa dinara moramo da iskoristimo. Nikada kurs dinara nije mirovao toliko godina. Mo\u017eete da uzmete kredit i da se kamata ne pove\u0107ava, jer je kurs dinara stabilan\u201c, rekao je danas novinarima u Jagodini Markovi\u0107.<\/p>\n<p style=\"font-weight: 400;\">\u0110OR\u0110EVI\u0106 :\u00a0SVI CENTRI ZA SOCIJALNI RAD IMA\u0106E SVE \u0160TO JE NEOPHODNO<\/p>\n<p style=\"font-weight: 400;\">\u201ePrilikom moje poslednje posete Centru za socijalni rad u Jagodini pre 4 meseca, bilo je re\u010deno da je ovom centru potrebno jedno vozilo ovakvog tipa. Radi se o sanitetskom vozilu \u201eFIAT DUCATO\u201c, koje je namenjeno za prevoz ljudi koji koriste Gerentoservis i prevoz bolesnika korisnika Dnevnog boravka. Ministarstvo je nabavila dva takva vozila, jedno za Jagodinu, a drugo za Zrenjanin. Na ovome ne\u0107emo stati i trudi\u0107emo se da u narednom periodu obezbedimo svim ustanovama tog tipa ono \u0161to im je potrebno. Sa jedne strane radimo na boljem materijalnom polo\u017eaju zaposlenih i to je svima nama obaveza, a sa druge na infrastrukturi. Ovo vozilo je potpuno opremljeno i sa medicinske ta\u010dke gledi\u0161ta ima sve \u0161to je potrebno. Gleda\u0107emo da ove godine nabavimo vi\u0161e ovakvih vozila i da budu dostavljena op\u0161tinama kojima je to potrebno. Svaki ljudski \u017eivot za nas je ne\u0161to \u0161to nema cenu. Ovde u Jagodini, kroz objekat Centra za socijalni rad vidi se odli\u010dan odnos lokalne samouprave prema tom centru. Pozivam i druge lokalne samouprave u Srbiji, da isto kao i Jagodina, a \u0161to im je u obavezi po Zakonu o lokalnoj samoupravi, poka\u017eu odgovornost i naprave objekat Centra za socijalni rad, kao \u0161to je napravljen u Jagodini\u201c , rekao je ministar za rad, bora\u010dka i socijalna pitanja, Zoran \u0110or\u0111evi\u0107 u Jagodini prilikom primopredaje sanitetskog vozila jagodinskom Centru za socijalni rad.<\/p>\n<p style=\"font-weight: 400;\">\u0110or\u0111evi\u0107 i Markovi\u0107 sa saradnicima, prethodno su obi\u0161li filijalu Nacionalne slu\u017ebe za zapo\u0161ljavanje u Jagodini.<\/p>\n","protected":false},"excerpt":{"rendered":"<p>\u201e\u017delim da se zahvalim ministru \u0110or\u0111evi\u0107u i da ka\u017eem da je ovo pravi na\u010din kako se pokazuje decentralizacija i da nije kao pre 7 , &hellip; <\/p>\n","protected":false},"author":2,"featured_media":16272,"comment_status":"open","ping_status":"open","sticky":false,"template":"","format":"standard","meta":{"footnotes":""},"categories":[1524,2,1514,13,12],"tags":[58,120,2021,3500],"_links":{"self":[{"href":"https:\/\/centralmedia.rs\/index.php\/wp-json\/wp\/v2\/posts\/16271"}],"collection":[{"href":"https:\/\/centralmedia.rs\/index.php\/wp-json\/wp\/v2\/posts"}],"about":[{"href":"https:\/\/centralmedia.rs\/index.php\/wp-json\/wp\/v2\/types\/post"}],"author":[{"embeddable":true,"href":"https:\/\/centralmedia.rs\/index.php\/wp-json\/wp\/v2\/users\/2"}],"replies":[{"embeddable":true,"href":"https:\/\/centralmedia.rs\/index.php\/wp-json\/wp\/v2\/comments?post=16271"}],"version-history":[{"count":1,"href":"https:\/\/centralmedia.rs\/index.php\/wp-json\/wp\/v2\/posts\/16271\/revisions"}],"predecessor-version":[{"id":16273,"href":"https:\/\/centralmedia.rs\/index.php\/wp-json\/wp\/v2\/posts\/16271\/revisions\/16273"}],"wp:featuredmedia":[{"embeddable":true,"href":"https:\/\/centralmedia.rs\/index.php\/wp-json\/wp\/v2\/media\/16272"}],"wp:attachment":[{"href":"https:\/\/centralmedia.rs\/index.php\/wp-json\/wp\/v2\/media?parent=16271"}],"wp:term":[{"taxonomy":"category","embeddable":true,"href":"https:\/\/centralmedia.rs\/index.php\/wp-json\/wp\/v2\/categories?post=16271"},{"taxonomy":"post_tag","embeddable":true,"href":"https:\/\/centralmedia.rs\/index.php\/wp-json\/wp\/v2\/tags?post=16271"}],"curies":[{"name":"wp","href":"https:\/\/api.w.org\/{rel}","templated":true}]}}