{"id":16277,"date":"2019-02-19T10:35:58","date_gmt":"2019-02-19T10:35:58","guid":{"rendered":"http:\/\/centralmedia.rs\/?p=16277"},"modified":"2019-02-22T00:04:18","modified_gmt":"2019-02-22T00:04:18","slug":"preminuo-od-posledica-pozara","status":"publish","type":"post","link":"https:\/\/centralmedia.rs\/index.php\/2019\/02\/19\/preminuo-od-posledica-pozara\/","title":{"rendered":"PREMINUO OD POSLEDICA PO\u017dARA"},"content":{"rendered":"<p>\u0106UPRIJA- Mu\u0161karac (42) iz \u0106uprije preminuo je od posledica po\u017eara u KBC u Ni\u0161u. Sa te\u0161kim\u00a0 opekotinama on je prvo preve\u017een u \u0107uprijsku bolnicu, a zatim u Ni\u0161. Bio je ve\u0107 bolestan i slabo pokretan. Poku\u0161ao je da ugasi po\u017ear , ali nije uspeo. On je \u017eiveo sa jo\u0161 \u0161estoro \u010dlanova svoje porodice u objektu koji je pripadao nekada\u0161njoj ,,sto\u010dnoj&#8221; pijaci. Slu\u017eba hitne pomo\u0107i, vatrogasci i policija stigli su brzo i prevezli ga do bolnice.<\/p>\n<p>-Kako o\u010devici ka\u017eu, uzrok po\u017eara je najverovatnije drvo koje je ispalo iz pe\u0107i, u trenutku dok je pokojnik verovatno spavao i nije uspeo da reaguje. Supruga preminulog Femije je ostala sama sa petoro dece, bez zaposlenja i bez ikakvog krova nad glavom. Od svih lokalnih i nadle\u017enih slu\u017ebi o\u010dekujem da hitno reaguju i da poku\u0161amo svim snagama da pomognemo ovoj porodici, uputio je apel Aleksandar Nedeljkovi\u0107, predstavnik Udru\u017eenja &#8220;Romi sa Morave&#8221; iz \u0106uprije.<\/p>\n","protected":false},"excerpt":{"rendered":"<p>\u0106UPRIJA- Mu\u0161karac (42) iz \u0106uprije preminuo je od posledica po\u017eara u KBC u Ni\u0161u. Sa te\u0161kim\u00a0 opekotinama on je prvo preve\u017een u \u0107uprijsku bolnicu, a &hellip; <\/p>\n","protected":false},"author":2,"featured_media":14025,"comment_status":"open","ping_status":"open","sticky":false,"template":"","format":"standard","meta":{"footnotes":""},"categories":[1515,1524,20,2,12],"tags":[44,323],"_links":{"self":[{"href":"https:\/\/centralmedia.rs\/index.php\/wp-json\/wp\/v2\/posts\/16277"}],"collection":[{"href":"https:\/\/centralmedia.rs\/index.php\/wp-json\/wp\/v2\/posts"}],"about":[{"href":"https:\/\/centralmedia.rs\/index.php\/wp-json\/wp\/v2\/types\/post"}],"author":[{"embeddable":true,"href":"https:\/\/centralmedia.rs\/index.php\/wp-json\/wp\/v2\/users\/2"}],"replies":[{"embeddable":true,"href":"https:\/\/centralmedia.rs\/index.php\/wp-json\/wp\/v2\/comments?post=16277"}],"version-history":[{"count":3,"href":"https:\/\/centralmedia.rs\/index.php\/wp-json\/wp\/v2\/posts\/16277\/revisions"}],"predecessor-version":[{"id":16283,"href":"https:\/\/centralmedia.rs\/index.php\/wp-json\/wp\/v2\/posts\/16277\/revisions\/16283"}],"wp:featuredmedia":[{"embeddable":true,"href":"https:\/\/centralmedia.rs\/index.php\/wp-json\/wp\/v2\/media\/14025"}],"wp:attachment":[{"href":"https:\/\/centralmedia.rs\/index.php\/wp-json\/wp\/v2\/media?parent=16277"}],"wp:term":[{"taxonomy":"category","embeddable":true,"href":"https:\/\/centralmedia.rs\/index.php\/wp-json\/wp\/v2\/categories?post=16277"},{"taxonomy":"post_tag","embeddable":true,"href":"https:\/\/centralmedia.rs\/index.php\/wp-json\/wp\/v2\/tags?post=16277"}],"curies":[{"name":"wp","href":"https:\/\/api.w.org\/{rel}","templated":true}]}}