{"id":16297,"date":"2019-02-20T10:15:29","date_gmt":"2019-02-20T10:15:29","guid":{"rendered":"http:\/\/centralmedia.rs\/?p=16297"},"modified":"2019-02-22T00:04:54","modified_gmt":"2019-02-22T00:04:54","slug":"tri-zlata-za-atleticare-morave","status":"publish","type":"post","link":"https:\/\/centralmedia.rs\/index.php\/2019\/02\/20\/tri-zlata-za-atleticare-morave\/","title":{"rendered":"Tri zlata za atleti\u010dare \u201eMorave\u201c"},"content":{"rendered":"<p>\u0106UPRIJA-Na Prvenstvu dr\u017eave u dvorani za mla\u0111e juniore i juniorke, koje je proteklog vikenda odr\u017eano u Atletskoj dvorani na Banjici, atleti\u010dari Omladinskog atletskog kluba \u201eMorava\u201c iz \u0106uprije osvojili su tri prva mesta.<\/p>\n<div id='gallery-1' class='gallery galleryid-16297 gallery-columns-2 gallery-size-full'><figure class='gallery-item'>\n\t\t\t<div class='gallery-icon portrait'>\n\t\t\t\t<a href='https:\/\/centralmedia.rs\/index.php\/2019\/02\/20\/tri-zlata-za-atleticare-morave\/atleticari-2\/'><img loading=\"lazy\" decoding=\"async\" width=\"1536\" height=\"2048\" src=\"https:\/\/centralmedia.rs\/wp-content\/uploads\/2019\/02\/atleticari-2.jpg\" class=\"attachment-full size-full\" alt=\"\" srcset=\"https:\/\/centralmedia.rs\/wp-content\/uploads\/2019\/02\/atleticari-2.jpg 1536w, https:\/\/centralmedia.rs\/wp-content\/uploads\/2019\/02\/atleticari-2-225x300.jpg 225w, https:\/\/centralmedia.rs\/wp-content\/uploads\/2019\/02\/atleticari-2-768x1024.jpg 768w, https:\/\/centralmedia.rs\/wp-content\/uploads\/2019\/02\/atleticari-2-315x420.jpg 315w, https:\/\/centralmedia.rs\/wp-content\/uploads\/2019\/02\/atleticari-2-640x853.jpg 640w, https:\/\/centralmedia.rs\/wp-content\/uploads\/2019\/02\/atleticari-2-681x908.jpg 681w\" sizes=\"(max-width: 1536px) 100vw, 1536px\" \/><\/a>\n\t\t\t<\/div><\/figure><figure class='gallery-item'>\n\t\t\t<div class='gallery-icon portrait'>\n\t\t\t\t<a href='https:\/\/centralmedia.rs\/index.php\/2019\/02\/20\/tri-zlata-za-atleticare-morave\/atleticari-1\/'><img loading=\"lazy\" decoding=\"async\" width=\"1536\" height=\"2048\" src=\"https:\/\/centralmedia.rs\/wp-content\/uploads\/2019\/02\/atleticari-1.jpg\" class=\"attachment-full size-full\" alt=\"\" srcset=\"https:\/\/centralmedia.rs\/wp-content\/uploads\/2019\/02\/atleticari-1.jpg 1536w, https:\/\/centralmedia.rs\/wp-content\/uploads\/2019\/02\/atleticari-1-225x300.jpg 225w, https:\/\/centralmedia.rs\/wp-content\/uploads\/2019\/02\/atleticari-1-768x1024.jpg 768w, https:\/\/centralmedia.rs\/wp-content\/uploads\/2019\/02\/atleticari-1-315x420.jpg 315w, https:\/\/centralmedia.rs\/wp-content\/uploads\/2019\/02\/atleticari-1-640x853.jpg 640w, https:\/\/centralmedia.rs\/wp-content\/uploads\/2019\/02\/atleticari-1-681x908.jpg 681w\" sizes=\"(max-width: 1536px) 100vw, 1536px\" \/><\/a>\n\t\t\t<\/div><\/figure>\n\t\t<\/div>\n\n<p>Aleksa Milanovi\u0107 postao je dvostruki dr\u017eavni prvak &#8211; na 1.500 rezultatom 4:13.49 i na 3000 metara koje je istr\u010dao za 9:12.94, dok je Sre\u0107ko Milanovi\u0107 osvojio prvo mesto u konkurenciji atleti\u010dara na 400 metara za 52.85, \u0161to predstavlja i li\u010dni rekord ovog mladog \u0107uprijskog trka\u010da.<\/p>\n<p>Treba re\u0107i da je dobar rad sa juniorima \u201eMorave\u201c dobio potvrdu i poslednjeg vikenda januara, kada su na Prvenstvu Srbije u dvorani za starije juniore puleni Dragana Zdravkovi\u0107a i Sne\u017eane Jovanovi\u0107 osvojili jo\u0161 dva odli\u010dja \u2013 Aleksa Milanovi\u0107 srebro na 1.500 a \u0110or\u0111e Miladinovi\u0107 bronzu na 800 metara.<\/p>\n","protected":false},"excerpt":{"rendered":"<p>\u0106UPRIJA-Na Prvenstvu dr\u017eave u dvorani za mla\u0111e juniore i juniorke, koje je proteklog vikenda odr\u017eano u Atletskoj dvorani na Banjici, atleti\u010dari Omladinskog atletskog kluba \u201eMorava\u201c &hellip; <\/p>\n","protected":false},"author":2,"featured_media":16298,"comment_status":"open","ping_status":"open","sticky":false,"template":"","format":"standard","meta":{"footnotes":""},"categories":[1515,1524,2,21,12],"tags":[48,44],"_links":{"self":[{"href":"https:\/\/centralmedia.rs\/index.php\/wp-json\/wp\/v2\/posts\/16297"}],"collection":[{"href":"https:\/\/centralmedia.rs\/index.php\/wp-json\/wp\/v2\/posts"}],"about":[{"href":"https:\/\/centralmedia.rs\/index.php\/wp-json\/wp\/v2\/types\/post"}],"author":[{"embeddable":true,"href":"https:\/\/centralmedia.rs\/index.php\/wp-json\/wp\/v2\/users\/2"}],"replies":[{"embeddable":true,"href":"https:\/\/centralmedia.rs\/index.php\/wp-json\/wp\/v2\/comments?post=16297"}],"version-history":[{"count":3,"href":"https:\/\/centralmedia.rs\/index.php\/wp-json\/wp\/v2\/posts\/16297\/revisions"}],"predecessor-version":[{"id":16306,"href":"https:\/\/centralmedia.rs\/index.php\/wp-json\/wp\/v2\/posts\/16297\/revisions\/16306"}],"wp:featuredmedia":[{"embeddable":true,"href":"https:\/\/centralmedia.rs\/index.php\/wp-json\/wp\/v2\/media\/16298"}],"wp:attachment":[{"href":"https:\/\/centralmedia.rs\/index.php\/wp-json\/wp\/v2\/media?parent=16297"}],"wp:term":[{"taxonomy":"category","embeddable":true,"href":"https:\/\/centralmedia.rs\/index.php\/wp-json\/wp\/v2\/categories?post=16297"},{"taxonomy":"post_tag","embeddable":true,"href":"https:\/\/centralmedia.rs\/index.php\/wp-json\/wp\/v2\/tags?post=16297"}],"curies":[{"name":"wp","href":"https:\/\/api.w.org\/{rel}","templated":true}]}}