{"id":16312,"date":"2019-02-20T14:02:11","date_gmt":"2019-02-20T14:02:11","guid":{"rendered":"http:\/\/centralmedia.rs\/?p=16312"},"modified":"2019-02-22T00:05:15","modified_gmt":"2019-02-22T00:05:15","slug":"cuprija-gradi-spomenik-knezu-lazaru","status":"publish","type":"post","link":"https:\/\/centralmedia.rs\/index.php\/2019\/02\/20\/cuprija-gradi-spomenik-knezu-lazaru\/","title":{"rendered":"\u0106UPRIJA GRADI SPOMENIK KNEZU LAZARU"},"content":{"rendered":"<p>\u0106UPRIJA- Odbornici SO \u0106uprija doneli su odluku o izgradnji spomenika Knezu Lazaru na kru\u017enom toku na \u00a0ulazu u taj grad iz pravca autoputa. Spomenik \u0107e biti postavljen ove godine, povodom obele\u017eavanja 630 godina od Kosovskog boja. Spomenik \u0107e biti visok 7,5 metara i izliven u bronzi na postamentu koji \u0107e biti ukra\u0161en grbovima, grifonima i ornamenitma iz vremena Kneza Lazara i simbolima \u0106uprije.<\/p>\n","protected":false},"excerpt":{"rendered":"<p>\u0106UPRIJA- Odbornici SO \u0106uprija doneli su odluku o izgradnji spomenika Knezu Lazaru na kru\u017enom toku na \u00a0ulazu u taj grad iz pravca autoputa. Spomenik \u0107e &hellip; <\/p>\n","protected":false},"author":2,"featured_media":10207,"comment_status":"open","ping_status":"open","sticky":false,"template":"","format":"standard","meta":{"footnotes":""},"categories":[1515,14,1524,2,12],"tags":[44,931,932],"_links":{"self":[{"href":"https:\/\/centralmedia.rs\/index.php\/wp-json\/wp\/v2\/posts\/16312"}],"collection":[{"href":"https:\/\/centralmedia.rs\/index.php\/wp-json\/wp\/v2\/posts"}],"about":[{"href":"https:\/\/centralmedia.rs\/index.php\/wp-json\/wp\/v2\/types\/post"}],"author":[{"embeddable":true,"href":"https:\/\/centralmedia.rs\/index.php\/wp-json\/wp\/v2\/users\/2"}],"replies":[{"embeddable":true,"href":"https:\/\/centralmedia.rs\/index.php\/wp-json\/wp\/v2\/comments?post=16312"}],"version-history":[{"count":1,"href":"https:\/\/centralmedia.rs\/index.php\/wp-json\/wp\/v2\/posts\/16312\/revisions"}],"predecessor-version":[{"id":16313,"href":"https:\/\/centralmedia.rs\/index.php\/wp-json\/wp\/v2\/posts\/16312\/revisions\/16313"}],"wp:featuredmedia":[{"embeddable":true,"href":"https:\/\/centralmedia.rs\/index.php\/wp-json\/wp\/v2\/media\/10207"}],"wp:attachment":[{"href":"https:\/\/centralmedia.rs\/index.php\/wp-json\/wp\/v2\/media?parent=16312"}],"wp:term":[{"taxonomy":"category","embeddable":true,"href":"https:\/\/centralmedia.rs\/index.php\/wp-json\/wp\/v2\/categories?post=16312"},{"taxonomy":"post_tag","embeddable":true,"href":"https:\/\/centralmedia.rs\/index.php\/wp-json\/wp\/v2\/tags?post=16312"}],"curies":[{"name":"wp","href":"https:\/\/api.w.org\/{rel}","templated":true}]}}