{"id":16328,"date":"2019-02-22T14:09:42","date_gmt":"2019-02-22T14:09:42","guid":{"rendered":"http:\/\/centralmedia.rs\/?p=16328"},"modified":"2019-03-02T19:35:18","modified_gmt":"2019-03-02T19:35:18","slug":"na-41-medunarodnom-sajmu-turizma-ministar-ljajic-na-standu-cuprije","status":"publish","type":"post","link":"https:\/\/centralmedia.rs\/index.php\/2019\/02\/22\/na-41-medunarodnom-sajmu-turizma-ministar-ljajic-na-standu-cuprije\/","title":{"rendered":"Na 41. Me\u0111unarodnom sajmu turizma &#8211; MINISTAR LJAJI\u0106 NA \u0160TANDU \u0106UPRIJE"},"content":{"rendered":"<p>BEOGRAD- Op\u0161tina \u0106uprija ove godine predstavlja svoje turisti\u010dke potencijale na 41. Me\u0111unarodnom sajmu turizma u Beogradu na zajedni\u010dkom \u0161tandu regiona \u0160umadije i Pomoravlja.<\/p>\n<div id='gallery-1' class='gallery galleryid-16328 gallery-columns-5 gallery-size-thumbnail'><figure class='gallery-item'>\n\t\t\t<div class='gallery-icon landscape'>\n\t\t\t\t<a href='https:\/\/centralmedia.rs\/index.php\/2019\/02\/22\/na-41-medunarodnom-sajmu-turizma-ministar-ljajic-na-standu-cuprije\/sajam-turizma-beograd-2\/'><img loading=\"lazy\" decoding=\"async\" width=\"150\" height=\"150\" src=\"https:\/\/centralmedia.rs\/wp-content\/uploads\/2019\/02\/sajam-turizma-beograd-2-150x150.jpg\" class=\"attachment-thumbnail size-thumbnail\" alt=\"\" \/><\/a>\n\t\t\t<\/div><\/figure><figure class='gallery-item'>\n\t\t\t<div class='gallery-icon portrait'>\n\t\t\t\t<a href='https:\/\/centralmedia.rs\/index.php\/2019\/02\/22\/na-41-medunarodnom-sajmu-turizma-ministar-ljajic-na-standu-cuprije\/sajam-turizma-beograd-7\/'><img loading=\"lazy\" decoding=\"async\" width=\"150\" height=\"150\" src=\"https:\/\/centralmedia.rs\/wp-content\/uploads\/2019\/02\/sajam-turizma-beograd-7-150x150.jpg\" class=\"attachment-thumbnail size-thumbnail\" alt=\"\" \/><\/a>\n\t\t\t<\/div><\/figure><figure class='gallery-item'>\n\t\t\t<div class='gallery-icon portrait'>\n\t\t\t\t<a href='https:\/\/centralmedia.rs\/index.php\/2019\/02\/22\/na-41-medunarodnom-sajmu-turizma-ministar-ljajic-na-standu-cuprije\/sajam-turizma-beograd-5\/'><img loading=\"lazy\" decoding=\"async\" width=\"150\" height=\"150\" src=\"https:\/\/centralmedia.rs\/wp-content\/uploads\/2019\/02\/sajam-turizma-beograd-5-150x150.jpg\" class=\"attachment-thumbnail size-thumbnail\" alt=\"\" \/><\/a>\n\t\t\t<\/div><\/figure><figure class='gallery-item'>\n\t\t\t<div class='gallery-icon portrait'>\n\t\t\t\t<a href='https:\/\/centralmedia.rs\/index.php\/2019\/02\/22\/na-41-medunarodnom-sajmu-turizma-ministar-ljajic-na-standu-cuprije\/sajam-turizma-beograd-3\/'><img loading=\"lazy\" decoding=\"async\" width=\"150\" height=\"150\" src=\"https:\/\/centralmedia.rs\/wp-content\/uploads\/2019\/02\/sajam-turizma-beograd-3-150x150.jpg\" class=\"attachment-thumbnail size-thumbnail\" alt=\"\" \/><\/a>\n\t\t\t<\/div><\/figure><figure class='gallery-item'>\n\t\t\t<div class='gallery-icon portrait'>\n\t\t\t\t<a href='https:\/\/centralmedia.rs\/index.php\/2019\/02\/22\/na-41-medunarodnom-sajmu-turizma-ministar-ljajic-na-standu-cuprije\/sajam-turizma-beograd-1\/'><img loading=\"lazy\" decoding=\"async\" width=\"150\" height=\"150\" src=\"https:\/\/centralmedia.rs\/wp-content\/uploads\/2019\/02\/sajam-turizma-beograd-1-150x150.jpg\" class=\"attachment-thumbnail size-thumbnail\" alt=\"\" \/><\/a>\n\t\t\t<\/div><\/figure>\n\t\t<\/div>\n\n<p>Kako je i bilo najavljeno, osim sportskog i verskog turizma \u2013 sa akcentom na manifestacijama kojima je \u0106uprija ina\u010de bogata &#8211; centralna op\u0161tina srednjeg Pomoravlja posebnu pa\u017enju ovog puta posve\u0107uje prezentaciji i promociji \u0107uprijskih preduzentnika i male privrede, pa su se tako pod svodovima Beogradskog sajma sada na\u0161li i ve\u0107 visokonagra\u0111ivani proizvod \u201eZenit rakija\u201c iz Podruma prirodnih rakija \u201eZenit\u201c, vina iz Vinarije \u201eMilojevi\u0107\u201c, ali i med i proizvodi od meda \u0107uprijskih p\u010delara.<\/p>\n<p>Tako\u0111e, posetioci najve\u0107eg turisti\u010dkog sajma u regionu ove godine mogu da se upoznaju i sa sme\u0161tajnim i ugostiteljskim kapacitetima \u0106uprije, koju u ovom domenu predstavljaju Restoran-brod \u201eKruzer\u201c i Klub sa preno\u0107i\u0161tem \u201ePlava laguna\u201c, a dobar deo onih koji su dosad bili na \u0161tandu \u0160umadije i Pomoravlja, prijatno su se iznenadili \u010dinjenicom da se u \u0106upriji gradi jedan takav sportski objekat kao \u0161to je atletski kompleks sa dvoranom, otvorenim stadionom i prate\u0107im sadr\u017eajima.<\/p>\n<p>Treba ista\u0107i da je \u0161tand\u00a0 op\u0161tine \u0106uprija posetio i resorni ministar Rasim Ljaji\u0107, a da \u0107e Turisti\u010dka organizacija \u0106uprije u subotu, pretposlednjeg dana sajma, imati posebnu \u010dast da u 14 sati, na glavnom \u0161tandu sajma, predstavi sva \u010detiri strate\u0161ka stuba razvoja op\u0161tine \u2013 privredu, obrazovanje, turizam i sport, pa za one koji se prvog dana predstoje\u0107eg vikenda na\u0111u na Beogradskom sajmu, stoji poziv da ovu prezentaciju i promociju obavezno pogledaju.<\/p>\n<p>Ina\u010de, da je turizam i kod nas postao ozbiljan biznis, govori i predvi\u0111anje ministra Ljaji\u0107a da bi Srbija ove godine trebalo da ostvari \u201edevizni priliv od turizma od 1,7 milijardi dolara\u201c, \u0161to je sasvim realna prognoza jer smo u 2018. prvi put pre\u0161li, kako je ministar rekao, magi\u010dnu cifru od 1,5 milijardi dolara \u010distog deviznog priliva od turizma.<\/p>\n<p>Recimo i to da \u0107e \u010detvorodnevni sajam biti zatvoren u nedelju, 24. februara, do kada bi, prema re\u010dima organizatora, ovu turisti\u010dku manifestaciju trebalo da poseti oko 70 hiljada ljudi.<\/p>\n","protected":false},"excerpt":{"rendered":"<p>BEOGRAD- Op\u0161tina \u0106uprija ove godine predstavlja svoje turisti\u010dke potencijale na 41. Me\u0111unarodnom sajmu turizma u Beogradu na zajedni\u010dkom \u0161tandu regiona \u0160umadije i Pomoravlja. Kako je &hellip; <\/p>\n","protected":false},"author":2,"featured_media":16329,"comment_status":"open","ping_status":"open","sticky":false,"template":"","format":"standard","meta":{"footnotes":""},"categories":[1515,1524,2,23,12,3054],"tags":[44,3510],"_links":{"self":[{"href":"https:\/\/centralmedia.rs\/index.php\/wp-json\/wp\/v2\/posts\/16328"}],"collection":[{"href":"https:\/\/centralmedia.rs\/index.php\/wp-json\/wp\/v2\/posts"}],"about":[{"href":"https:\/\/centralmedia.rs\/index.php\/wp-json\/wp\/v2\/types\/post"}],"author":[{"embeddable":true,"href":"https:\/\/centralmedia.rs\/index.php\/wp-json\/wp\/v2\/users\/2"}],"replies":[{"embeddable":true,"href":"https:\/\/centralmedia.rs\/index.php\/wp-json\/wp\/v2\/comments?post=16328"}],"version-history":[{"count":1,"href":"https:\/\/centralmedia.rs\/index.php\/wp-json\/wp\/v2\/posts\/16328\/revisions"}],"predecessor-version":[{"id":16335,"href":"https:\/\/centralmedia.rs\/index.php\/wp-json\/wp\/v2\/posts\/16328\/revisions\/16335"}],"wp:featuredmedia":[{"embeddable":true,"href":"https:\/\/centralmedia.rs\/index.php\/wp-json\/wp\/v2\/media\/16329"}],"wp:attachment":[{"href":"https:\/\/centralmedia.rs\/index.php\/wp-json\/wp\/v2\/media?parent=16328"}],"wp:term":[{"taxonomy":"category","embeddable":true,"href":"https:\/\/centralmedia.rs\/index.php\/wp-json\/wp\/v2\/categories?post=16328"},{"taxonomy":"post_tag","embeddable":true,"href":"https:\/\/centralmedia.rs\/index.php\/wp-json\/wp\/v2\/tags?post=16328"}],"curies":[{"name":"wp","href":"https:\/\/api.w.org\/{rel}","templated":true}]}}