{"id":16338,"date":"2019-02-22T14:31:43","date_gmt":"2019-02-22T14:31:43","guid":{"rendered":"http:\/\/centralmedia.rs\/?p=16338"},"modified":"2019-02-27T10:40:10","modified_gmt":"2019-02-27T10:40:10","slug":"palma-ugostio-delegaciju-iz-egipta-25-privrednika-guverner-crvenog-mora-i-dvojica-ministara-na-prijemu-kod-markovica","status":"publish","type":"post","link":"https:\/\/centralmedia.rs\/index.php\/2019\/02\/22\/palma-ugostio-delegaciju-iz-egipta-25-privrednika-guverner-crvenog-mora-i-dvojica-ministara-na-prijemu-kod-markovica\/","title":{"rendered":"Palma ugostio delegaciju iz Egipta: 25 privrednika, guverner Crvenog mora i dvojica ministara na prijemu kod Markovi\u0107a"},"content":{"rendered":"<p>JAGODINA &#8211; Guverner Crvenog mora, general Ahmed Abdalah, koji predvodi privrednu delegaciju iz Egipta na Me\u0111unarodnom sajmu turizma u Beograda, danas je u jagodinskom Kulturnom centru otvorio izlo\u017ebu dokumenata i fotragija ,,110 godina uspostavljanja diplomatskih odnosa Srbije i Egipta&#8221; koju predvodi. Njegov doma\u0107in\u00a0Dragan Markovi\u0107 Palma, predsednik Skup\u0161tine grada Jagodina, ocenio je da su diplomatski odnosi dve dr\u017eava na visokom nivou te to ilustrovao \u010dinjenicom da Egipat ne podr\u017eava u\u010dlanjenje tzv dr\u017eave Kosovo u me\u0111onarodnim organizacijama.<\/p>\n<div id='gallery-1' class='gallery galleryid-16338 gallery-columns-7 gallery-size-thumbnail'><figure class='gallery-item'>\n\t\t\t<div class='gallery-icon landscape'>\n\t\t\t\t<a href='https:\/\/centralmedia.rs\/index.php\/2019\/02\/22\/palma-ugostio-delegaciju-iz-egipta-25-privrednika-guverner-crvenog-mora-i-dvojica-ministara-na-prijemu-kod-markovica\/egipcani-1\/'><img loading=\"lazy\" decoding=\"async\" width=\"150\" height=\"150\" src=\"https:\/\/centralmedia.rs\/wp-content\/uploads\/2019\/02\/egipcani-1-150x150.jpg\" class=\"attachment-thumbnail size-thumbnail\" alt=\"\" \/><\/a>\n\t\t\t<\/div><\/figure><figure class='gallery-item'>\n\t\t\t<div class='gallery-icon landscape'>\n\t\t\t\t<a href='https:\/\/centralmedia.rs\/index.php\/2019\/02\/22\/palma-ugostio-delegaciju-iz-egipta-25-privrednika-guverner-crvenog-mora-i-dvojica-ministara-na-prijemu-kod-markovica\/egipcani-2\/'><img loading=\"lazy\" decoding=\"async\" width=\"150\" height=\"150\" src=\"https:\/\/centralmedia.rs\/wp-content\/uploads\/2019\/02\/egipcani-2-150x150.jpg\" class=\"attachment-thumbnail size-thumbnail\" alt=\"\" \/><\/a>\n\t\t\t<\/div><\/figure><figure class='gallery-item'>\n\t\t\t<div class='gallery-icon landscape'>\n\t\t\t\t<a href='https:\/\/centralmedia.rs\/index.php\/2019\/02\/22\/palma-ugostio-delegaciju-iz-egipta-25-privrednika-guverner-crvenog-mora-i-dvojica-ministara-na-prijemu-kod-markovica\/egipcani-3\/'><img loading=\"lazy\" decoding=\"async\" width=\"150\" height=\"150\" src=\"https:\/\/centralmedia.rs\/wp-content\/uploads\/2019\/02\/egipcani-3-150x150.jpg\" class=\"attachment-thumbnail size-thumbnail\" alt=\"\" \/><\/a>\n\t\t\t<\/div><\/figure><figure class='gallery-item'>\n\t\t\t<div class='gallery-icon landscape'>\n\t\t\t\t<a href='https:\/\/centralmedia.rs\/index.php\/2019\/02\/22\/palma-ugostio-delegaciju-iz-egipta-25-privrednika-guverner-crvenog-mora-i-dvojica-ministara-na-prijemu-kod-markovica\/egipcani-4-2\/'><img loading=\"lazy\" decoding=\"async\" width=\"150\" height=\"150\" src=\"https:\/\/centralmedia.rs\/wp-content\/uploads\/2019\/02\/egipcani-4-1-150x150.jpg\" class=\"attachment-thumbnail size-thumbnail\" alt=\"\" \/><\/a>\n\t\t\t<\/div><\/figure><figure class='gallery-item'>\n\t\t\t<div class='gallery-icon landscape'>\n\t\t\t\t<a href='https:\/\/centralmedia.rs\/index.php\/2019\/02\/22\/palma-ugostio-delegaciju-iz-egipta-25-privrednika-guverner-crvenog-mora-i-dvojica-ministara-na-prijemu-kod-markovica\/egipcani-5\/'><img loading=\"lazy\" decoding=\"async\" width=\"150\" height=\"150\" src=\"https:\/\/centralmedia.rs\/wp-content\/uploads\/2019\/02\/egipcani-5-150x150.jpg\" class=\"attachment-thumbnail size-thumbnail\" alt=\"\" \/><\/a>\n\t\t\t<\/div><\/figure><figure class='gallery-item'>\n\t\t\t<div class='gallery-icon landscape'>\n\t\t\t\t<a href='https:\/\/centralmedia.rs\/index.php\/2019\/02\/22\/palma-ugostio-delegaciju-iz-egipta-25-privrednika-guverner-crvenog-mora-i-dvojica-ministara-na-prijemu-kod-markovica\/egipcani-6\/'><img loading=\"lazy\" decoding=\"async\" width=\"150\" height=\"150\" src=\"https:\/\/centralmedia.rs\/wp-content\/uploads\/2019\/02\/egipcani-6-150x150.jpg\" class=\"attachment-thumbnail size-thumbnail\" alt=\"\" \/><\/a>\n\t\t\t<\/div><\/figure><figure class='gallery-item'>\n\t\t\t<div class='gallery-icon landscape'>\n\t\t\t\t<a href='https:\/\/centralmedia.rs\/index.php\/2019\/02\/22\/palma-ugostio-delegaciju-iz-egipta-25-privrednika-guverner-crvenog-mora-i-dvojica-ministara-na-prijemu-kod-markovica\/egipcani\/'><img loading=\"lazy\" decoding=\"async\" width=\"150\" height=\"150\" src=\"https:\/\/centralmedia.rs\/wp-content\/uploads\/2019\/02\/egipcani-150x150.jpg\" class=\"attachment-thumbnail size-thumbnail\" alt=\"\" \/><\/a>\n\t\t\t<\/div><\/figure>\n\t\t<\/div>\n\n<p>&#8211; General Ahmed mi je rekao da Egipa ne\u0107e podr\u017eati kandidaturu tzv Kosova u Interpol, kada smo bili njegovi gosti jeseans. Tako je i bilo. o\u010dekujem nastavak saradnje i izvoza p\u0161enice i drugih proizvoda iz Srbije u najuticajniju dr\u017eavu Afrike i bislikog Istoka, rekao je Palma, koji je generalu poklonio medaljon sa grovima Srbije i Jagodine.<\/p>\n<p>General Abdalah se zahvalio se na dobrom prijemu i prijateljim odnosima, te najavio pro\u0161irenje trgovinske saradnje dve dr\u017eave. On se posebno osvrnuo na saradnju koja je bila zna\u010dajna pre \u0161est decenija i zna\u010dajn Pokreta nesvrstanih u svetu. \u00a0U egipatskoj delegaciju su 25 privrednika, guverner Crvenog mora i dvojica ministara. Egip\u0107ani su posetili Markovi\u0107evo rodno selo i crkvu Svetog Jovana.<\/p>\n<p>Markovi\u0107 je rekao da o\u010dekuje da privredna delegacija iz Egipta, koja \u0107e u Srbiji boraviti nekoliko dana u Srbiji, izraziti potrebu za proizvodima iz Srbije koje je Egipat do sada uvozio iz drugih zemalja.<\/p>\n<p>&nbsp;<\/p>\n","protected":false},"excerpt":{"rendered":"<p>JAGODINA &#8211; Guverner Crvenog mora, general Ahmed Abdalah, koji predvodi privrednu delegaciju iz Egipta na Me\u0111unarodnom sajmu turizma u Beograda, danas je u jagodinskom Kulturnom &hellip; <\/p>\n","protected":false},"author":2,"featured_media":16339,"comment_status":"open","ping_status":"open","sticky":false,"template":"","format":"standard","meta":{"footnotes":""},"categories":[1524,2,1514,13,12],"tags":[3513,58,120],"_links":{"self":[{"href":"https:\/\/centralmedia.rs\/index.php\/wp-json\/wp\/v2\/posts\/16338"}],"collection":[{"href":"https:\/\/centralmedia.rs\/index.php\/wp-json\/wp\/v2\/posts"}],"about":[{"href":"https:\/\/centralmedia.rs\/index.php\/wp-json\/wp\/v2\/types\/post"}],"author":[{"embeddable":true,"href":"https:\/\/centralmedia.rs\/index.php\/wp-json\/wp\/v2\/users\/2"}],"replies":[{"embeddable":true,"href":"https:\/\/centralmedia.rs\/index.php\/wp-json\/wp\/v2\/comments?post=16338"}],"version-history":[{"count":1,"href":"https:\/\/centralmedia.rs\/index.php\/wp-json\/wp\/v2\/posts\/16338\/revisions"}],"predecessor-version":[{"id":16347,"href":"https:\/\/centralmedia.rs\/index.php\/wp-json\/wp\/v2\/posts\/16338\/revisions\/16347"}],"wp:featuredmedia":[{"embeddable":true,"href":"https:\/\/centralmedia.rs\/index.php\/wp-json\/wp\/v2\/media\/16339"}],"wp:attachment":[{"href":"https:\/\/centralmedia.rs\/index.php\/wp-json\/wp\/v2\/media?parent=16338"}],"wp:term":[{"taxonomy":"category","embeddable":true,"href":"https:\/\/centralmedia.rs\/index.php\/wp-json\/wp\/v2\/categories?post=16338"},{"taxonomy":"post_tag","embeddable":true,"href":"https:\/\/centralmedia.rs\/index.php\/wp-json\/wp\/v2\/tags?post=16338"}],"curies":[{"name":"wp","href":"https:\/\/api.w.org\/{rel}","templated":true}]}}