{"id":1634,"date":"2015-12-22T14:03:07","date_gmt":"2015-12-22T14:03:07","guid":{"rendered":"http:\/\/centralmedia.rs\/?p=1634"},"modified":"2015-12-22T14:03:07","modified_gmt":"2015-12-22T14:03:07","slug":"pocelo-sudjenje-bivsi-kadeti-su-se-izjasnili-da-nisu-krivi","status":"publish","type":"post","link":"https:\/\/centralmedia.rs\/index.php\/2015\/12\/22\/pocelo-sudjenje-bivsi-kadeti-su-se-izjasnili-da-nisu-krivi\/","title":{"rendered":"PO\u010cELO SUDJENJE &#8211; BIV\u0160I KADETI SU SE IZJASNILI DA NISU KRIVI"},"content":{"rendered":"<p>DESPOTOVAC-\u010cetvoro biv\u0161ih kadeta Vojske Srbije na dana\u0161njem po\u010detku su\u0111enja u Osnovnom sudu u Despotovcu izjasnili su se da nisu krivi, potvrdila je portparolka suda Biljana Milutinovi\u0107. Mladen Milosavljevi\u0107 iz Aleksinca, \u0160tefan Milosavljevi\u0107 iz Novog Sada, Nikola Garabiljevi\u0107 iz \u0160apca i Milan Kari\u0161ik iz Hajdu\u010dice okrivljeni su za ,, te\u0161ko delo protiv op\u0161te sigurnosti&#8221;, odnosno za tragi\u010dni incidnet na vojnom poligonu Pasuljanske livade u kome su \u017eivote izgubili kadeti \u010detvrte godine Milina Mileti\u0107 (23) iz Gornjeg Milanovca i Filip Milojevi\u0107 iz Gornje Trnave kod Topola, a petoro kadeta povre\u0111eno.<br \/>\n\t-Nastavak su\u0111enja zakazan je za  17 februar slede\u0107e godine u 10.30 sati na kome \u0107e se od biv\u0161i kadeta uzeti odbrana i obaviti njihovo saslu\u0161anje. Odr\u017eano je prvo ro\u010di\u0161te za glavnu raspravu, data su samo uvodna izlaganja, kazala je portparolka Biljana Milutinovi\u0107.<br \/>\n Okrivljenima za tragediju na poligonu Pasuljanske livade do sada je su\u0111enje dva puta odlagano.<br \/>\nOptu\u017enicu zastupa javni tu\u017eilac Marina Vuki\u010devi\u0107, a sudskim ve\u0107em  predsedava sudija Blagica Milojevi\u0107.<br \/>\nNa Poligonu VS Pasuljanske livade kod \u0106uprije, koji teritorijalno pripada op\u0161tini Despotovac, 18. juna 2012. godine u 9,05 sati, u toku priprema za ve\u017ebu &#8220;Diplomac 2012&#8221;, od zaostalog projektila automatskog baca\u010da granata, koga su kadeti prona\u0161li a jedan od njih, navodno, \u0161utnuo i izazvao eksploziju, poginilo je dvoje kadeta \u010detvrte godine Vojne akademije: <\/p>\n<p>U  Vi\u0161em sudu u Jagodini sudi se majoru Vinku \u017dnidra\u0161i\u010du. Do sada su obavljena dva saslu\u0161avanje svedoka, a tre\u0107e je zakazano za januar. Posle svedoka bi\u0107e saslu\u0161ani ve\u0161taci.  \u017dnidar\u0161i\u010du, koji je u vreme tragedije radio u svojstvu saradniku u nastavi na Katedri za taktiku Vojne akademije, se sudi za krivi\u010dno delo nepreduzimanja mera za obezbedjenje vojne jedinice.<br \/>\n\u017dnidar\u0161i\u010d je negirao krivicu.<\/p>\n","protected":false},"excerpt":{"rendered":"<p>DESPOTOVAC-\u010cetvoro biv\u0161ih kadeta Vojske Srbije na dana\u0161njem po\u010detku su\u0111enja u Osnovnom sudu u Despotovcu izjasnili su se da nisu krivi, potvrdila je portparolka suda Biljana &hellip; <\/p>\n","protected":false},"author":4,"featured_media":1635,"comment_status":"open","ping_status":"open","sticky":false,"template":"","format":"standard","meta":{"footnotes":""},"categories":[20,2,12],"tags":[389,51,390,244],"_links":{"self":[{"href":"https:\/\/centralmedia.rs\/index.php\/wp-json\/wp\/v2\/posts\/1634"}],"collection":[{"href":"https:\/\/centralmedia.rs\/index.php\/wp-json\/wp\/v2\/posts"}],"about":[{"href":"https:\/\/centralmedia.rs\/index.php\/wp-json\/wp\/v2\/types\/post"}],"author":[{"embeddable":true,"href":"https:\/\/centralmedia.rs\/index.php\/wp-json\/wp\/v2\/users\/4"}],"replies":[{"embeddable":true,"href":"https:\/\/centralmedia.rs\/index.php\/wp-json\/wp\/v2\/comments?post=1634"}],"version-history":[{"count":0,"href":"https:\/\/centralmedia.rs\/index.php\/wp-json\/wp\/v2\/posts\/1634\/revisions"}],"wp:featuredmedia":[{"embeddable":true,"href":"https:\/\/centralmedia.rs\/index.php\/wp-json\/wp\/v2\/media\/1635"}],"wp:attachment":[{"href":"https:\/\/centralmedia.rs\/index.php\/wp-json\/wp\/v2\/media?parent=1634"}],"wp:term":[{"taxonomy":"category","embeddable":true,"href":"https:\/\/centralmedia.rs\/index.php\/wp-json\/wp\/v2\/categories?post=1634"},{"taxonomy":"post_tag","embeddable":true,"href":"https:\/\/centralmedia.rs\/index.php\/wp-json\/wp\/v2\/tags?post=1634"}],"curies":[{"name":"wp","href":"https:\/\/api.w.org\/{rel}","templated":true}]}}