{"id":16431,"date":"2019-02-27T09:34:42","date_gmt":"2019-02-27T09:34:42","guid":{"rendered":"http:\/\/centralmedia.rs\/?p=16431"},"modified":"2019-03-02T19:31:37","modified_gmt":"2019-03-02T19:31:37","slug":"zavrsena-adaptacija-vrtica-pu-radost-cajetina","status":"publish","type":"post","link":"https:\/\/centralmedia.rs\/index.php\/2019\/02\/27\/zavrsena-adaptacija-vrtica-pu-radost-cajetina\/","title":{"rendered":"Zavr\u0161ena adaptacija vrti\u0107a PU &#8220;Radost&#8221; \u010cajetina"},"content":{"rendered":"<p>\u010cAJETINA- Op\u0161tina \u010cajetina vodi aktivnu i strate\u0161ki orijentisanu politiku u oblasti pred\u0161kolskog vaspitanja i obrazovanja, rade\u0107i na razvoju infrastrukture, podsticaju opstanka mladih ljudi na ovim prostorima, ali i ulaganjem u pred\u0161kolske objekte, o \u010demu svedo\u010di i nedavno zavr\u0161ena adaptacija de\u010dijeg vrti\u0107a PU &#8221;Radost&#8221; u \u010cajetini.<\/p>\n<div id='gallery-1' class='gallery galleryid-16431 gallery-columns-3 gallery-size-full'><figure class='gallery-item'>\n\t\t\t<div class='gallery-icon landscape'>\n\t\t\t\t<a href='https:\/\/centralmedia.rs\/index.php\/2019\/02\/27\/zavrsena-adaptacija-vrtica-pu-radost-cajetina\/predsednikdubais\/'><img loading=\"lazy\" decoding=\"async\" width=\"700\" height=\"394\" src=\"https:\/\/centralmedia.rs\/wp-content\/uploads\/2019\/02\/predsednikdubais.jpg\" class=\"attachment-full size-full\" alt=\"\" srcset=\"https:\/\/centralmedia.rs\/wp-content\/uploads\/2019\/02\/predsednikdubais.jpg 700w, https:\/\/centralmedia.rs\/wp-content\/uploads\/2019\/02\/predsednikdubais-300x169.jpg 300w, https:\/\/centralmedia.rs\/wp-content\/uploads\/2019\/02\/predsednikdubais-640x360.jpg 640w, https:\/\/centralmedia.rs\/wp-content\/uploads\/2019\/02\/predsednikdubais-681x383.jpg 681w\" sizes=\"(max-width: 700px) 100vw, 700px\" \/><\/a>\n\t\t\t<\/div><\/figure><figure class='gallery-item'>\n\t\t\t<div class='gallery-icon landscape'>\n\t\t\t\t<a href='https:\/\/centralmedia.rs\/index.php\/2019\/02\/27\/zavrsena-adaptacija-vrtica-pu-radost-cajetina\/predsednikvrticidecaks\/'><img loading=\"lazy\" decoding=\"async\" width=\"700\" height=\"394\" src=\"https:\/\/centralmedia.rs\/wp-content\/uploads\/2019\/02\/Predsednikvrticidecaks.jpg\" class=\"attachment-full size-full\" alt=\"\" srcset=\"https:\/\/centralmedia.rs\/wp-content\/uploads\/2019\/02\/Predsednikvrticidecaks.jpg 700w, https:\/\/centralmedia.rs\/wp-content\/uploads\/2019\/02\/Predsednikvrticidecaks-300x169.jpg 300w, https:\/\/centralmedia.rs\/wp-content\/uploads\/2019\/02\/Predsednikvrticidecaks-640x360.jpg 640w, https:\/\/centralmedia.rs\/wp-content\/uploads\/2019\/02\/Predsednikvrticidecaks-681x383.jpg 681w\" sizes=\"(max-width: 700px) 100vw, 700px\" \/><\/a>\n\t\t\t<\/div><\/figure><figure class='gallery-item'>\n\t\t\t<div class='gallery-icon landscape'>\n\t\t\t\t<a href='https:\/\/centralmedia.rs\/index.php\/2019\/02\/27\/zavrsena-adaptacija-vrtica-pu-radost-cajetina\/vrtics\/'><img loading=\"lazy\" decoding=\"async\" width=\"700\" height=\"394\" src=\"https:\/\/centralmedia.rs\/wp-content\/uploads\/2019\/02\/vrtics.jpg\" class=\"attachment-full size-full\" alt=\"\" srcset=\"https:\/\/centralmedia.rs\/wp-content\/uploads\/2019\/02\/vrtics.jpg 700w, https:\/\/centralmedia.rs\/wp-content\/uploads\/2019\/02\/vrtics-300x169.jpg 300w, https:\/\/centralmedia.rs\/wp-content\/uploads\/2019\/02\/vrtics-640x360.jpg 640w, https:\/\/centralmedia.rs\/wp-content\/uploads\/2019\/02\/vrtics-681x383.jpg 681w\" sizes=\"(max-width: 700px) 100vw, 700px\" \/><\/a>\n\t\t\t<\/div><\/figure>\n\t\t<\/div>\n\n<p>Planirana sredstva u bud\u017eetu op\u0161tine \u010cajetina koja se odnose na ulaganje u perspektivu lokalne zajednice, u obrazovanje dece i mladih samo za ovu godinu iznose oko 221 milion dinara.<\/p>\n<p>Ovaj de\u010diji vrti\u0107 je primer za Srbiju, govori o tome da op\u0161tina \u010cajetina ima budu\u0107nost, da ovi ljudi koji \u017eive ovde znaju za\u0161to ostaju i cene i vrednuju sve one na\u0161e tradicionalne vrednosti i podr\u017eavaju ovo \u0161to mi radimo \u2013 izjavio je Milan Stamatovi\u0107, predsednik op\u0161tine \u010cajetina, dodav\u0161i da je iz lokalnog bud\u017eeta za izgradnju vrti\u0107a u proteklom periodu izdvojeno 130 miliona dinara, za opremu dodatnih 22 miliona dinara, a da je u adaptaciju i opremenjane prostora koji danas obilazimo, ulo\u017eeno 12 miliona dinara.<\/p>\n<p>Sredstva koja su ulo\u017eena iz lokalnog bud\u017eeta prihoduju se od gra\u0111evinskog zemlji\u0161ta i ula\u017eu u infrastrukturu, i u ovakve objekte, i to je jedna dobra sinergija izme\u0111u investitora i op\u0161tinskog rukovodstva i svih na\u0161ih ustanova. Nadam se da \u0107e jo\u0161 ovakvih objekata biti otvoreno i u seoskim mesnim zajednicama jer stvarno imamo pojavu da nam se vra\u0107aju mladi ljudi na selo i da nam se pove\u0107ava broj stanovnika u seoskim mesnim zajednicama. Dolaze nam i ljudi iz inostranstva, imate i primer da se vratila porodica iz Dubaija koja se opredelila ovde da \u017eivi \u2013 ka\u017ee Stamatovi\u0107.<\/p>\n<p>Vrti\u0107 nije vi\u0161e mesto za \u010duvanje dece ve\u0107 je obrazovna ustanova u kojoj se na jedan sistemati\u010dan i planski na\u010din pristupa obrazovanju dece u tom najosetljivijem periodu.<\/p>\n<p>Od 2008. godine pa do danas op\u0161tina \u010cajetina je ulo\u017eila sredstva i stvorila stimulativne uslove za rast, razvoj i u\u010denja kroz igru u pet seoskih mesnih zajednica, po\u010dev\u0161i od Krive Reke (2008), preko Sirogojna (2009), Ma\u010dkata (2012), \u0160ljivovice (2014) do Ro\u017eanstva (2017) &#8211; izjavila je direktorka PU &#8221;Radost&#8221; Jelena Mitra\u0161inovi\u0107 Bra\u0161anac.<\/p>\n<p>Pred\u0161kolske programe na teritoriji op\u0161tine \u010cajetina poha\u0111a 559 dece, odnosno vi\u0161e od 100 odsto dece ro\u0111ene u toj op\u0161tini, \u0161to je uslovljeno \u010dinjenicom da odre\u0111eni broj dece sa teritorije u\u017ei\u010dke op\u0161tine\u00a0 poha\u0111a pred\u0161kolske programe u objektima \u010dajetinske pred\u0161kolske ustanove.<\/p>\n<p>&nbsp;<\/p>\n","protected":false},"excerpt":{"rendered":"<p>\u010cAJETINA- Op\u0161tina \u010cajetina vodi aktivnu i strate\u0161ki orijentisanu politiku u oblasti pred\u0161kolskog vaspitanja i obrazovanja, rade\u0107i na razvoju infrastrukture, podsticaju opstanka mladih ljudi na ovim &hellip; <\/p>\n","protected":false},"author":2,"featured_media":16432,"comment_status":"open","ping_status":"open","sticky":false,"template":"","format":"standard","meta":{"footnotes":""},"categories":[2875,14,1524,12],"tags":[2762,1013],"_links":{"self":[{"href":"https:\/\/centralmedia.rs\/index.php\/wp-json\/wp\/v2\/posts\/16431"}],"collection":[{"href":"https:\/\/centralmedia.rs\/index.php\/wp-json\/wp\/v2\/posts"}],"about":[{"href":"https:\/\/centralmedia.rs\/index.php\/wp-json\/wp\/v2\/types\/post"}],"author":[{"embeddable":true,"href":"https:\/\/centralmedia.rs\/index.php\/wp-json\/wp\/v2\/users\/2"}],"replies":[{"embeddable":true,"href":"https:\/\/centralmedia.rs\/index.php\/wp-json\/wp\/v2\/comments?post=16431"}],"version-history":[{"count":1,"href":"https:\/\/centralmedia.rs\/index.php\/wp-json\/wp\/v2\/posts\/16431\/revisions"}],"predecessor-version":[{"id":16436,"href":"https:\/\/centralmedia.rs\/index.php\/wp-json\/wp\/v2\/posts\/16431\/revisions\/16436"}],"wp:featuredmedia":[{"embeddable":true,"href":"https:\/\/centralmedia.rs\/index.php\/wp-json\/wp\/v2\/media\/16432"}],"wp:attachment":[{"href":"https:\/\/centralmedia.rs\/index.php\/wp-json\/wp\/v2\/media?parent=16431"}],"wp:term":[{"taxonomy":"category","embeddable":true,"href":"https:\/\/centralmedia.rs\/index.php\/wp-json\/wp\/v2\/categories?post=16431"},{"taxonomy":"post_tag","embeddable":true,"href":"https:\/\/centralmedia.rs\/index.php\/wp-json\/wp\/v2\/tags?post=16431"}],"curies":[{"name":"wp","href":"https:\/\/api.w.org\/{rel}","templated":true}]}}