{"id":16446,"date":"2019-02-27T13:49:30","date_gmt":"2019-02-27T13:49:30","guid":{"rendered":"http:\/\/centralmedia.rs\/?p=16446"},"modified":"2019-03-02T19:32:20","modified_gmt":"2019-03-02T19:32:20","slug":"opstina-svilajnac-pocinje-rekonstrukciju-stambenih-objekata","status":"publish","type":"post","link":"https:\/\/centralmedia.rs\/index.php\/2019\/02\/27\/opstina-svilajnac-pocinje-rekonstrukciju-stambenih-objekata\/","title":{"rendered":"OP\u0160TINA SVILAJNAC PO\u010cINJE REKONSTRUKCIJU STAMBENIH OBJEKATA"},"content":{"rendered":"<p>Predsednik op\u0161tine Svilajnac Predrag\u00a0 Milanovi\u0107 uru\u010dio je danas Ugovore o bespovratnom sufinansiranju izrade projektno-tehni\u010dke dokumentacije investicionog odr\u017eavanja i unapre\u0111enja svojstava zgrada. Ima tri ugovora za 3 zgrade koje su podnele prijave na Javni poziv op\u0161tine Svilajnac za bespovratno sufinansiranje aktivnosti na investicionom odr\u017eavanju i unapre\u0111enju svojstava zgrada.<\/p>\n<p>Milanovi\u0107 je istakao da, nakon re\u0161avanja i rekonstrukcije svih javnih objekata, op\u0161tina zajedno sa gra\u0111anima kre\u0107e u sanaciju\u00a0 i stambenih objekata:<\/p>\n<p>\u201cStvorili smo uslove da ula\u017eemo novac i u ovu oblast, a hvala ovim ljudima, upravnicima zgrada, \u0161to su prepoznali mogu\u0107nost i zajedno su sa nama pioniri u ovom poslu. Ovo su zgrade koje su pripremile na vreme dokumentaciju za konkurisanje, a imaju problema koje je potrebno sanirati kako bi se pove\u0107ala i op\u0161ta bezbednost, energetska efikasnost i kvalitet \u017eivota\u201d \u2013 izjavio je Milanovi\u0107 i dodao da o\u010dekuje da do kraja godine ove tri zgrade re\u0161e svoje problem, na jednoj je to krov, na nekima fasada, oluci i sitnije sanacije.<\/p>\n<p>Predstavnici zgrada koje \u0107e prve biti renovirane saglasni su da im pomo\u0107 op\u0161tine u re\u0161avanju hitnih popravki mnogo zna\u010di. Radojka Mici\u0107 upravnica je zgrade koja se nalazi u pe\u0161a\u010dkoj zoni u Svilajncu, a na kojoj \u0107e biti ura\u0111en krov, koji je godinama veliki\u00a0 i do sada nere\u0161iv problem za stanare ove zgrad.<\/p>\n<p>\u201cStanari ovo ne bi mogli sami da re\u0161e. Osnovali smo predstavni\u0161tvo ku\u0107nog saveta, konkurisali na javni poziv op\u0161tine i odobrena su nam sredstva, op\u0161tina finansira 90%, a stanari 10% cene radova.\u00a0 Ovo mo\u017ee biti primer stanarima i drugih zgrada kako mogu da re\u0161e neke od infrastrukturnih problema na svojim zgradama.\u201d<\/p>\n<p>Op\u0161tina Svilajnac nastavi\u0107e sa ovom praksom i narednih pet godina, a jedan od uslova da se konkuri\u0161e za sredstva je I registracija stambene zajednice.<\/p>\n","protected":false},"excerpt":{"rendered":"<p>Predsednik op\u0161tine Svilajnac Predrag\u00a0 Milanovi\u0107 uru\u010dio je danas Ugovore o bespovratnom sufinansiranju izrade projektno-tehni\u010dke dokumentacije investicionog odr\u017eavanja i unapre\u0111enja svojstava zgrada. Ima tri ugovora za &hellip; <\/p>\n","protected":false},"author":2,"featured_media":16447,"comment_status":"open","ping_status":"open","sticky":false,"template":"","format":"standard","meta":{"footnotes":""},"categories":[14,1524,2,12,1517],"tags":[1280,38],"_links":{"self":[{"href":"https:\/\/centralmedia.rs\/index.php\/wp-json\/wp\/v2\/posts\/16446"}],"collection":[{"href":"https:\/\/centralmedia.rs\/index.php\/wp-json\/wp\/v2\/posts"}],"about":[{"href":"https:\/\/centralmedia.rs\/index.php\/wp-json\/wp\/v2\/types\/post"}],"author":[{"embeddable":true,"href":"https:\/\/centralmedia.rs\/index.php\/wp-json\/wp\/v2\/users\/2"}],"replies":[{"embeddable":true,"href":"https:\/\/centralmedia.rs\/index.php\/wp-json\/wp\/v2\/comments?post=16446"}],"version-history":[{"count":1,"href":"https:\/\/centralmedia.rs\/index.php\/wp-json\/wp\/v2\/posts\/16446\/revisions"}],"predecessor-version":[{"id":16448,"href":"https:\/\/centralmedia.rs\/index.php\/wp-json\/wp\/v2\/posts\/16446\/revisions\/16448"}],"wp:featuredmedia":[{"embeddable":true,"href":"https:\/\/centralmedia.rs\/index.php\/wp-json\/wp\/v2\/media\/16447"}],"wp:attachment":[{"href":"https:\/\/centralmedia.rs\/index.php\/wp-json\/wp\/v2\/media?parent=16446"}],"wp:term":[{"taxonomy":"category","embeddable":true,"href":"https:\/\/centralmedia.rs\/index.php\/wp-json\/wp\/v2\/categories?post=16446"},{"taxonomy":"post_tag","embeddable":true,"href":"https:\/\/centralmedia.rs\/index.php\/wp-json\/wp\/v2\/tags?post=16446"}],"curies":[{"name":"wp","href":"https:\/\/api.w.org\/{rel}","templated":true}]}}