{"id":16452,"date":"2019-02-28T14:44:24","date_gmt":"2019-02-28T14:44:24","guid":{"rendered":"http:\/\/centralmedia.rs\/?p=16452"},"modified":"2019-03-02T19:32:35","modified_gmt":"2019-03-02T19:32:35","slug":"za-vise-zena-na-mestima-odlucivanja-paunovic-zene-otpornije-na-pritiske","status":"publish","type":"post","link":"https:\/\/centralmedia.rs\/index.php\/2019\/02\/28\/za-vise-zena-na-mestima-odlucivanja-paunovic-zene-otpornije-na-pritiske\/","title":{"rendered":",,Za vi\u0161e \u017eena na mestima odlu\u010divanja&#8221; &#8211; PAUNOVI\u0106: \u017dENE OTPORNIJE NA PRITISKE"},"content":{"rendered":"<p>PARA\u0106IN- Fond za politi\u010dku izuzetnost u saradnji sa ambasadom Holandije i poverenicom za za\u0161titu ravnopravnosti zapo\u010deo je projekat ,,Za vi\u0161e \u017eena na mestima odlu\u010divanja&#8221;. Me\u0111u osam loklanih samoprava je Para\u0107in, gde su predstavljeni rezultati istra\u017eivanja na tu temu.<\/p>\n<div id='gallery-1' class='gallery galleryid-16452 gallery-columns-3 gallery-size-full'><figure class='gallery-item'>\n\t\t\t<div class='gallery-icon landscape'>\n\t\t\t\t<a href='https:\/\/centralmedia.rs\/index.php\/2019\/02\/28\/za-vise-zena-na-mestima-odlucivanja-paunovic-zene-otpornije-na-pritiske\/fond-1\/'><img loading=\"lazy\" decoding=\"async\" width=\"1280\" height=\"622\" src=\"https:\/\/centralmedia.rs\/wp-content\/uploads\/2019\/02\/fond-1.jpg\" class=\"attachment-full size-full\" alt=\"\" srcset=\"https:\/\/centralmedia.rs\/wp-content\/uploads\/2019\/02\/fond-1.jpg 1280w, https:\/\/centralmedia.rs\/wp-content\/uploads\/2019\/02\/fond-1-300x146.jpg 300w, https:\/\/centralmedia.rs\/wp-content\/uploads\/2019\/02\/fond-1-768x373.jpg 768w, https:\/\/centralmedia.rs\/wp-content\/uploads\/2019\/02\/fond-1-1024x498.jpg 1024w, https:\/\/centralmedia.rs\/wp-content\/uploads\/2019\/02\/fond-1-864x420.jpg 864w, https:\/\/centralmedia.rs\/wp-content\/uploads\/2019\/02\/fond-1-640x311.jpg 640w, https:\/\/centralmedia.rs\/wp-content\/uploads\/2019\/02\/fond-1-681x331.jpg 681w\" sizes=\"(max-width: 1280px) 100vw, 1280px\" \/><\/a>\n\t\t\t<\/div><\/figure><figure class='gallery-item'>\n\t\t\t<div class='gallery-icon landscape'>\n\t\t\t\t<a href='https:\/\/centralmedia.rs\/index.php\/2019\/02\/28\/za-vise-zena-na-mestima-odlucivanja-paunovic-zene-otpornije-na-pritiske\/fond-2\/'><img loading=\"lazy\" decoding=\"async\" width=\"1280\" height=\"622\" src=\"https:\/\/centralmedia.rs\/wp-content\/uploads\/2019\/02\/fond-2.jpg\" class=\"attachment-full size-full\" alt=\"\" srcset=\"https:\/\/centralmedia.rs\/wp-content\/uploads\/2019\/02\/fond-2.jpg 1280w, https:\/\/centralmedia.rs\/wp-content\/uploads\/2019\/02\/fond-2-300x146.jpg 300w, https:\/\/centralmedia.rs\/wp-content\/uploads\/2019\/02\/fond-2-768x373.jpg 768w, https:\/\/centralmedia.rs\/wp-content\/uploads\/2019\/02\/fond-2-1024x498.jpg 1024w, https:\/\/centralmedia.rs\/wp-content\/uploads\/2019\/02\/fond-2-864x420.jpg 864w, https:\/\/centralmedia.rs\/wp-content\/uploads\/2019\/02\/fond-2-640x311.jpg 640w, https:\/\/centralmedia.rs\/wp-content\/uploads\/2019\/02\/fond-2-681x331.jpg 681w\" sizes=\"(max-width: 1280px) 100vw, 1280px\" \/><\/a>\n\t\t\t<\/div><\/figure><figure class='gallery-item'>\n\t\t\t<div class='gallery-icon landscape'>\n\t\t\t\t<a href='https:\/\/centralmedia.rs\/index.php\/2019\/02\/28\/za-vise-zena-na-mestima-odlucivanja-paunovic-zene-otpornije-na-pritiske\/fond-3\/'><img loading=\"lazy\" decoding=\"async\" width=\"1280\" height=\"622\" src=\"https:\/\/centralmedia.rs\/wp-content\/uploads\/2019\/02\/fond-3.jpg\" class=\"attachment-full size-full\" alt=\"\" srcset=\"https:\/\/centralmedia.rs\/wp-content\/uploads\/2019\/02\/fond-3.jpg 1280w, https:\/\/centralmedia.rs\/wp-content\/uploads\/2019\/02\/fond-3-300x146.jpg 300w, https:\/\/centralmedia.rs\/wp-content\/uploads\/2019\/02\/fond-3-768x373.jpg 768w, https:\/\/centralmedia.rs\/wp-content\/uploads\/2019\/02\/fond-3-1024x498.jpg 1024w, https:\/\/centralmedia.rs\/wp-content\/uploads\/2019\/02\/fond-3-864x420.jpg 864w, https:\/\/centralmedia.rs\/wp-content\/uploads\/2019\/02\/fond-3-640x311.jpg 640w, https:\/\/centralmedia.rs\/wp-content\/uploads\/2019\/02\/fond-3-681x331.jpg 681w\" sizes=\"(max-width: 1280px) 100vw, 1280px\" \/><\/a>\n\t\t\t<\/div><\/figure>\n\t\t<\/div>\n\n<p>&#8211; Svega 7 odsto \u017eena su na mestima odlu\u010divanje, a polovinu zaposlenih u lokalnim samoupravama \u010dine \u017eene, i ideja je da podelimo iskustva na nacionalnom nivou i da vidimo mogu\u0107nosti za saradnju kako da unapredimo na\u0161 rad i budemo jo\u0161 vidljivije na mestima kojima se donose odluke i gde le\u017ei mo\u0107. U Para\u0107inu postoje jake \u017eenske mre\u017ee, \u017eene su na funkcijama, \u0161to je potencijal za slede\u0107i korak \u00a0kazala je Svetlana Stefanovi\u0107 iz FPI.<\/p>\n<p>Predavanja na tu temu odr\u017eana u Ba\u010dkom Petrovcu, Ni\u0161u, Zrenajninu, Pre\u0161evu i Novom Pazaru. Nacionalna koncefencija bi\u0107e odr\u017eana u tre\u0107oj nedelji marta.<\/p>\n<p>-Moj li\u010dni utisak je da su \u017eene na javnim funkcijama mnogo sistemati\u010dnije, stalo\u017eenije, pokazuju vi\u0161e empatije za onim kojima rukovode i op\u0161tina Para\u0107in je uspe\u0161no\u0107u \u017eena koje su se bavile politikom i \u00a0poslovima u javnim institucijama do\u0161la do toga da ima velikog broj \u017eena na izvr\u0161nim funkicijama u odnosu na druge op\u0161tine. U sada\u0161njim okolnostima pokazalo se da su \u017eene mnogo otpornije na pretnje, pritiske i ucene od strane koji bi da se bave politikom na na\u010din koji nije dozvoljen prema propisanim normama i koje va\u017ee u demokrataskim zemljama. Skup\u0161tina je ta koja formira ve\u0107inu na vlasti. Pokazalo se u dramati\u010dnim trenucima \u017eene bile spremne da se odupru pritiscima i pretnjama, da su mnogo hrabrije od mu\u0161karaca, rekao je predsednik op\u0161tine Sa\u0161a Paunovi\u0107<\/p>\n","protected":false},"excerpt":{"rendered":"<p>PARA\u0106IN- Fond za politi\u010dku izuzetnost u saradnji sa ambasadom Holandije i poverenicom za za\u0161titu ravnopravnosti zapo\u010deo je projekat ,,Za vi\u0161e \u017eena na mestima odlu\u010divanja&#8221;. Me\u0111u &hellip; <\/p>\n","protected":false},"author":2,"featured_media":16453,"comment_status":"open","ping_status":"open","sticky":false,"template":"","format":"standard","meta":{"footnotes":""},"categories":[14,1524,2,1516,12],"tags":[3529,156,3530],"_links":{"self":[{"href":"https:\/\/centralmedia.rs\/index.php\/wp-json\/wp\/v2\/posts\/16452"}],"collection":[{"href":"https:\/\/centralmedia.rs\/index.php\/wp-json\/wp\/v2\/posts"}],"about":[{"href":"https:\/\/centralmedia.rs\/index.php\/wp-json\/wp\/v2\/types\/post"}],"author":[{"embeddable":true,"href":"https:\/\/centralmedia.rs\/index.php\/wp-json\/wp\/v2\/users\/2"}],"replies":[{"embeddable":true,"href":"https:\/\/centralmedia.rs\/index.php\/wp-json\/wp\/v2\/comments?post=16452"}],"version-history":[{"count":2,"href":"https:\/\/centralmedia.rs\/index.php\/wp-json\/wp\/v2\/posts\/16452\/revisions"}],"predecessor-version":[{"id":16458,"href":"https:\/\/centralmedia.rs\/index.php\/wp-json\/wp\/v2\/posts\/16452\/revisions\/16458"}],"wp:featuredmedia":[{"embeddable":true,"href":"https:\/\/centralmedia.rs\/index.php\/wp-json\/wp\/v2\/media\/16453"}],"wp:attachment":[{"href":"https:\/\/centralmedia.rs\/index.php\/wp-json\/wp\/v2\/media?parent=16452"}],"wp:term":[{"taxonomy":"category","embeddable":true,"href":"https:\/\/centralmedia.rs\/index.php\/wp-json\/wp\/v2\/categories?post=16452"},{"taxonomy":"post_tag","embeddable":true,"href":"https:\/\/centralmedia.rs\/index.php\/wp-json\/wp\/v2\/tags?post=16452"}],"curies":[{"name":"wp","href":"https:\/\/api.w.org\/{rel}","templated":true}]}}