{"id":16463,"date":"2019-02-28T14:56:20","date_gmt":"2019-02-28T14:56:20","guid":{"rendered":"http:\/\/centralmedia.rs\/?p=16463"},"modified":"2019-03-02T19:32:51","modified_gmt":"2019-03-02T19:32:51","slug":"od-4-do-6-marta-u-becu-ce-boraviti-delegacija-od-850-clanova-u-organizaciji-skupstine-grada-jagodine-a-o-trosku-donatora-palma-vodi-850-ljudi-u-bec","status":"publish","type":"post","link":"https:\/\/centralmedia.rs\/index.php\/2019\/02\/28\/od-4-do-6-marta-u-becu-ce-boraviti-delegacija-od-850-clanova-u-organizaciji-skupstine-grada-jagodine-a-o-trosku-donatora-palma-vodi-850-ljudi-u-bec\/","title":{"rendered":"Od 4. do 6. marta u Be\u010du \u0107e boraviti delegacija od 850 \u010dlanova u organizaciji Skup\u0161tine grada Jagodine, a o tro\u0161ku donatora &#8211; PALMA VODI 850 LJUDI U BE\u010c"},"content":{"rendered":"<p>JAGODINA- \u201eNajve\u0107a delegacija do sada, koja je putovala u Be\u010d je upravo ova delegacija u kojoj \u0107e biti 850 ljudi, od \u010dega najvi\u0161e studenata. U delegaciji su i prvrednici, prosvetni i zdravstveni radnici, vaspita\u010di iz vrti\u0107a, zaposleni u Javnom komunalnom preduze\u0107u \u201eStandard\u201c. U delegaciji su studenti iz Jagodine koji studiraju u svom li drugim gradovima i studenti iz drugih gradova koji studiraju u Jagodini. Ukupno putuju studenti iz 34 grada iz Srbije koji studiraju u Jagodini, a studenti iz Jagodine koji putuju u Be\u010d studiraju na 66 razli\u010ditih fakulteta u Srbiji. 3 dana \u0107e se braviti u Be\u010du, od 4. do 6. marta, a kompletan tro\u0161ak ovog putovanja plati\u0107e donatori i nijedan dinar u ove svrhe nije oti\u0161ao iz bud\u017eeta grada Jagodine\u201c, izjavio je na dana\u0161njoj konferenciji za novinare predsednik Jedinstvene Srbije i Skup\u0161tine grada Jagodine Dragan Markovi\u0107 Palma, koji je i predsednik parlamentarne grupe srpsko \u2013 austrijskog prijateljstva u Skup\u0161tini Srbije.<\/p>\n<p>\u201eU Be\u010du \u0107emo imati nekoliko politi\u010dkih i privrednih sastanaka. Ima\u0107emo prijem kod gradona\u010delnika Be\u010da Mihaela Ludviga, zatim kod potpredsednika Skup\u0161tine pokrajine Be\u010d, kod predsednika parlamentarne grupe austrijsko \u2013 srpskog prijateljstva u Skup\u0161tini Austrije, kao i u Slobodarskoj partiji Austrije, \u010diji je predsednik Hans Kristijan \u0160trahe, aktuelni vicekancelar Austrije, a potpredsednik Johan Gudenus, \u0161ef poslani\u010dke grupe te stranke u austrijskom parlamentu. Na dnevnom redu \u0107e biti odnosi Austrije i Srbije, kako Austrija mo\u017ee pomo\u0107i Srbiji na evropskom putu i Kosovo i Metohija. Mi o\u010dekujemo od Austrije, kao prijateljske dr\u017eave, ne da ka\u017ee da je Srbija u pravu, ve\u0107 da objektivno, po me\u0111unarodnom pravu ka\u017ee ko je u pravu, a ko nije. Tako\u0111e \u0107emo od na\u0161ih prijatelja iz Slobodarske partije Austrije tra\u017eiti da govore isto ono \u0161to su govorili u izbornoj kamopanji kada je ve\u0107ina austrijskih Srba glasala za tu stranku i danas ima i Srba poslanika u Skup\u0161tini pokrajine Be\u010d. Na Kosovu i Metohiji se svake nedelje desi ne\u0161to novo, mimo svih pravila i mimo svih potpisanih sporazuma \u0161to \u0161teti Srbiji, a Evropa i me\u0111unarodna zajednica \u0107ute ili kada se jave pominju dve strane. Ne postoje dve strane kada je u pitanju ne\u0161to \u0161to se de\u0161ava, a ne postoji ni u jednom dokumentu. Postoji samo jedna strana koja kr\u0161i sve sporazume, a to je albanska. Za re\u0161enje kosovskog problema treba da budu i Srbi i kosovski Albanci, a ne da jedni dobiju sve, a drugi da izgube sve. To \u0107e biti jedna od tema sa na\u0161im doma\u0107inima u glavnom gradu Austrije. U Skup\u0161tini grada\u00a0\u00a0Be\u010da razgovara\u0107emo o srpskim studenata kojih najvi\u0161e u Evropi van Srbije ima u Be\u010du. Da vidimo kako da tim mladim ljudima pomognemo, da imaju neki poseban status kada su u pitanju \u0161kolarine. Za nas je veoma va\u017eno da se zaustavi odlazak mladih iz Srbije. Ja se zala\u017eem za to da ne mogu svi da imaju iste plate na osnovu stru\u010dne spreme. Kriterijum treba da budu i stru\u010dna sprema i rezulati, odnosno uspeh na poslu. To bi trebalo da se primenjuje i u dr\u017eavnim i javnim preduze\u0107ima i tako \u0107emo direktno uticati da mladi ne odlaze iz Srbije. Tako\u0111e, \u017eelim da istaknem da dva okruga u centralnoj Srbiji imaju suficit. \u0160umadijski zahvaljuju\u0107i FIAT \u2013 u u Kragujevcu i Pomoravski, kako neko re\u010de pre neki dan zahvaljuju\u0107i Palmi. Ne zahvaljuju\u0107i meni, ve\u0107 svim ljudima koji vode Jagodinu. Mi smo doveli dosta investitora i kada bi svaki grad i op\u0161tina i svaki okrug imali suficit, penzije bi rasle na svaka tri meseca. To je moj predlog da svi ne\u0161to uradimo za svoj kraj, a ne da se \u010deka da Beograd ne\u0161to da\u201c, rekao je Markovi\u0107 dodav\u0161i da \u0107e prosvetni radnici obi\u0107i nekoliko \u0161kola u Be\u010du, a zdravstveni radnici nekoliko bolnica, dok \u0107e privrednici razgovarati sa svojim austrijskim kolegama o saradnji.<\/p>\n<p>Na dana\u0161njoj konferenciji za novinare govorili su i studenti iz Jagodine i drugih gradova, kao predstavnici studentske delegacije, koja \u0107e biti najbrojnija i svi su se zahvalili gradu Jagodini na jo\u0161 jednom korisnom putovanju.<\/p>\n<p>&nbsp;<\/p>\n","protected":false},"excerpt":{"rendered":"<p>JAGODINA- \u201eNajve\u0107a delegacija do sada, koja je putovala u Be\u010d je upravo ova delegacija u kojoj \u0107e biti 850 ljudi, od \u010dega najvi\u0161e studenata. U &hellip; <\/p>\n","protected":false},"author":2,"featured_media":16464,"comment_status":"open","ping_status":"open","sticky":false,"template":"","format":"standard","meta":{"footnotes":""},"categories":[1524,2,1514,13,12],"tags":[209,3532,120],"_links":{"self":[{"href":"https:\/\/centralmedia.rs\/index.php\/wp-json\/wp\/v2\/posts\/16463"}],"collection":[{"href":"https:\/\/centralmedia.rs\/index.php\/wp-json\/wp\/v2\/posts"}],"about":[{"href":"https:\/\/centralmedia.rs\/index.php\/wp-json\/wp\/v2\/types\/post"}],"author":[{"embeddable":true,"href":"https:\/\/centralmedia.rs\/index.php\/wp-json\/wp\/v2\/users\/2"}],"replies":[{"embeddable":true,"href":"https:\/\/centralmedia.rs\/index.php\/wp-json\/wp\/v2\/comments?post=16463"}],"version-history":[{"count":1,"href":"https:\/\/centralmedia.rs\/index.php\/wp-json\/wp\/v2\/posts\/16463\/revisions"}],"predecessor-version":[{"id":16465,"href":"https:\/\/centralmedia.rs\/index.php\/wp-json\/wp\/v2\/posts\/16463\/revisions\/16465"}],"wp:featuredmedia":[{"embeddable":true,"href":"https:\/\/centralmedia.rs\/index.php\/wp-json\/wp\/v2\/media\/16464"}],"wp:attachment":[{"href":"https:\/\/centralmedia.rs\/index.php\/wp-json\/wp\/v2\/media?parent=16463"}],"wp:term":[{"taxonomy":"category","embeddable":true,"href":"https:\/\/centralmedia.rs\/index.php\/wp-json\/wp\/v2\/categories?post=16463"},{"taxonomy":"post_tag","embeddable":true,"href":"https:\/\/centralmedia.rs\/index.php\/wp-json\/wp\/v2\/tags?post=16463"}],"curies":[{"name":"wp","href":"https:\/\/api.w.org\/{rel}","templated":true}]}}