{"id":16490,"date":"2019-03-02T14:08:35","date_gmt":"2019-03-02T14:08:35","guid":{"rendered":"http:\/\/centralmedia.rs\/?p=16490"},"modified":"2019-03-07T13:35:35","modified_gmt":"2019-03-07T13:35:35","slug":"gori-bobovo-mestani-dezuraju","status":"publish","type":"post","link":"https:\/\/centralmedia.rs\/index.php\/2019\/03\/02\/gori-bobovo-mestani-dezuraju\/","title":{"rendered":"GORI BOBOVO, ME\u0160TANI DE\u017dURAJU (FOTO)"},"content":{"rendered":"<p>SVILAJNAC- Po\u017eari na njivama i \u0161umama u Bobovu postali su uobi\u010dajena pojava proteklih dana. Me\u0161tani sumnjaju da su podmetnuti i da im prete ve\u0107e \u0161tete od piromana.<\/p>\n<div id='gallery-1' class='gallery galleryid-16490 gallery-columns-5 gallery-size-thumbnail'><figure class='gallery-item'>\n\t\t\t<div class='gallery-icon portrait'>\n\t\t\t\t<a href='https:\/\/centralmedia.rs\/index.php\/2019\/03\/02\/gori-bobovo-mestani-dezuraju\/bobovo-2\/'><img loading=\"lazy\" decoding=\"async\" width=\"150\" height=\"150\" src=\"https:\/\/centralmedia.rs\/wp-content\/uploads\/2019\/03\/bobovo-150x150.jpg\" class=\"attachment-thumbnail size-thumbnail\" alt=\"\" \/><\/a>\n\t\t\t<\/div><\/figure><figure class='gallery-item'>\n\t\t\t<div class='gallery-icon portrait'>\n\t\t\t\t<a href='https:\/\/centralmedia.rs\/index.php\/2019\/03\/02\/gori-bobovo-mestani-dezuraju\/bobovo1\/'><img loading=\"lazy\" decoding=\"async\" width=\"150\" height=\"150\" src=\"https:\/\/centralmedia.rs\/wp-content\/uploads\/2019\/03\/bobovo1-150x150.jpg\" class=\"attachment-thumbnail size-thumbnail\" alt=\"\" \/><\/a>\n\t\t\t<\/div><\/figure><figure class='gallery-item'>\n\t\t\t<div class='gallery-icon portrait'>\n\t\t\t\t<a href='https:\/\/centralmedia.rs\/index.php\/2019\/03\/02\/gori-bobovo-mestani-dezuraju\/bobovo2\/'><img loading=\"lazy\" decoding=\"async\" width=\"150\" height=\"150\" src=\"https:\/\/centralmedia.rs\/wp-content\/uploads\/2019\/03\/bobovo2-150x150.jpg\" class=\"attachment-thumbnail size-thumbnail\" alt=\"\" \/><\/a>\n\t\t\t<\/div><\/figure><figure class='gallery-item'>\n\t\t\t<div class='gallery-icon portrait'>\n\t\t\t\t<a href='https:\/\/centralmedia.rs\/index.php\/2019\/03\/02\/gori-bobovo-mestani-dezuraju\/bobovo3\/'><img loading=\"lazy\" decoding=\"async\" width=\"150\" height=\"150\" src=\"https:\/\/centralmedia.rs\/wp-content\/uploads\/2019\/03\/bobovo3-150x150.jpg\" class=\"attachment-thumbnail size-thumbnail\" alt=\"\" \/><\/a>\n\t\t\t<\/div><\/figure><figure class='gallery-item'>\n\t\t\t<div class='gallery-icon portrait'>\n\t\t\t\t<a href='https:\/\/centralmedia.rs\/index.php\/2019\/03\/02\/gori-bobovo-mestani-dezuraju\/bobovo4\/'><img loading=\"lazy\" decoding=\"async\" width=\"150\" height=\"150\" src=\"https:\/\/centralmedia.rs\/wp-content\/uploads\/2019\/03\/bobovo4-150x150.jpg\" class=\"attachment-thumbnail size-thumbnail\" alt=\"\" \/><\/a>\n\t\t\t<\/div><\/figure>\n\t\t<\/div>\n\n<p>&#8211; Prvo je zapaljena \u0161uma pre tri dana, a zatim je planulo 100 rolobala kukuruzovine na dve njive. Mogu\u0107nost da je do\u0161lo do slu\u010dajnog zapaljenja je nikakva. Sve se de\u0161ava izme\u0111u 22 i 03 sata. Imam stoku i 100 rolobala sena, tako\u0111e i drugi doma\u0107ini imaju seno. Primorani smo da de\u017euramo no\u0107u, zbog piromana, ska\u010demo na svaki lave\u017e pasa, pri\u010da Goran Jovi\u0107 iz tog sela, koji je najavio da \u0107e zbog toga organizovati protest ispred Policijske stanice, ukoliko se nastavi sa namernim paljevinama. \u00a0Pre dve godine zbog u\u010desta\u010dih kra\u0111a i razbojni\u0161tava Jovi\u0107 je tako\u0111e najavljivao proteste.<\/p>\n","protected":false},"excerpt":{"rendered":"<p>SVILAJNAC- Po\u017eari na njivama i \u0161umama u Bobovu postali su uobi\u010dajena pojava proteklih dana. Me\u0161tani sumnjaju da su podmetnuti i da im prete ve\u0107e \u0161tete &hellip; <\/p>\n","protected":false},"author":2,"featured_media":16491,"comment_status":"open","ping_status":"open","sticky":false,"template":"","format":"standard","meta":{"footnotes":""},"categories":[1524,20,2,12,1517],"tags":[257,323,38],"_links":{"self":[{"href":"https:\/\/centralmedia.rs\/index.php\/wp-json\/wp\/v2\/posts\/16490"}],"collection":[{"href":"https:\/\/centralmedia.rs\/index.php\/wp-json\/wp\/v2\/posts"}],"about":[{"href":"https:\/\/centralmedia.rs\/index.php\/wp-json\/wp\/v2\/types\/post"}],"author":[{"embeddable":true,"href":"https:\/\/centralmedia.rs\/index.php\/wp-json\/wp\/v2\/users\/2"}],"replies":[{"embeddable":true,"href":"https:\/\/centralmedia.rs\/index.php\/wp-json\/wp\/v2\/comments?post=16490"}],"version-history":[{"count":2,"href":"https:\/\/centralmedia.rs\/index.php\/wp-json\/wp\/v2\/posts\/16490\/revisions"}],"predecessor-version":[{"id":16497,"href":"https:\/\/centralmedia.rs\/index.php\/wp-json\/wp\/v2\/posts\/16490\/revisions\/16497"}],"wp:featuredmedia":[{"embeddable":true,"href":"https:\/\/centralmedia.rs\/index.php\/wp-json\/wp\/v2\/media\/16491"}],"wp:attachment":[{"href":"https:\/\/centralmedia.rs\/index.php\/wp-json\/wp\/v2\/media?parent=16490"}],"wp:term":[{"taxonomy":"category","embeddable":true,"href":"https:\/\/centralmedia.rs\/index.php\/wp-json\/wp\/v2\/categories?post=16490"},{"taxonomy":"post_tag","embeddable":true,"href":"https:\/\/centralmedia.rs\/index.php\/wp-json\/wp\/v2\/tags?post=16490"}],"curies":[{"name":"wp","href":"https:\/\/api.w.org\/{rel}","templated":true}]}}