{"id":16504,"date":"2019-03-02T19:29:13","date_gmt":"2019-03-02T19:29:13","guid":{"rendered":"http:\/\/centralmedia.rs\/?p=16504"},"modified":"2019-03-07T13:35:57","modified_gmt":"2019-03-07T13:35:57","slug":"protesti-gradana-u-jagodini-cupriji-i-despotovcu","status":"publish","type":"post","link":"https:\/\/centralmedia.rs\/index.php\/2019\/03\/02\/protesti-gradana-u-jagodini-cupriji-i-despotovcu\/","title":{"rendered":"PROTESTI GRA\u0110ANA U JAGODINI, \u0106UPRIJI I DESPOTOVCU"},"content":{"rendered":"<p>JAGODINA- Nekoliko stotina gra\u0111ani Jagodine, \u0106uprije i Despotovca ve\u010deras su protestovali na centralnim trgovima ovih gradova iskazali svoje nezadovoljstvo stanjem u dr\u017eavi. Peti put su protesvovali Jagodinci, koji su \u0161etali do Skup\u0161tine grada. Njima se obratio Vuk Velebit, student Fakulteta politi\u010dkih nauka.<\/p>\n<div id='gallery-1' class='gallery galleryid-16504 gallery-columns-5 gallery-size-thumbnail'><figure class='gallery-item'>\n\t\t\t<div class='gallery-icon landscape'>\n\t\t\t\t<a href='https:\/\/centralmedia.rs\/index.php\/2019\/03\/02\/protesti-gradana-u-jagodini-cupriji-i-despotovcu\/protest-5-3\/'><img loading=\"lazy\" decoding=\"async\" width=\"150\" height=\"150\" src=\"https:\/\/centralmedia.rs\/wp-content\/uploads\/2019\/03\/protest-5-150x150.jpg\" class=\"attachment-thumbnail size-thumbnail\" alt=\"\" \/><\/a>\n\t\t\t<\/div><\/figure><figure class='gallery-item'>\n\t\t\t<div class='gallery-icon landscape'>\n\t\t\t\t<a href='https:\/\/centralmedia.rs\/index.php\/2019\/03\/02\/protesti-gradana-u-jagodini-cupriji-i-despotovcu\/protest-52\/'><img loading=\"lazy\" decoding=\"async\" width=\"150\" height=\"150\" src=\"https:\/\/centralmedia.rs\/wp-content\/uploads\/2019\/03\/protest-52-150x150.jpg\" class=\"attachment-thumbnail size-thumbnail\" alt=\"\" \/><\/a>\n\t\t\t<\/div><\/figure><figure class='gallery-item'>\n\t\t\t<div class='gallery-icon landscape'>\n\t\t\t\t<a href='https:\/\/centralmedia.rs\/index.php\/2019\/03\/02\/protesti-gradana-u-jagodini-cupriji-i-despotovcu\/protest51\/'><img loading=\"lazy\" decoding=\"async\" width=\"150\" height=\"150\" src=\"https:\/\/centralmedia.rs\/wp-content\/uploads\/2019\/03\/protest51-150x150.jpg\" class=\"attachment-thumbnail size-thumbnail\" alt=\"\" \/><\/a>\n\t\t\t<\/div><\/figure><figure class='gallery-item'>\n\t\t\t<div class='gallery-icon landscape'>\n\t\t\t\t<a href='https:\/\/centralmedia.rs\/index.php\/2019\/03\/02\/protesti-gradana-u-jagodini-cupriji-i-despotovcu\/protest54\/'><img loading=\"lazy\" decoding=\"async\" width=\"150\" height=\"150\" src=\"https:\/\/centralmedia.rs\/wp-content\/uploads\/2019\/03\/protest54-150x150.jpg\" class=\"attachment-thumbnail size-thumbnail\" alt=\"\" \/><\/a>\n\t\t\t<\/div><\/figure><figure class='gallery-item'>\n\t\t\t<div class='gallery-icon landscape'>\n\t\t\t\t<a href='https:\/\/centralmedia.rs\/index.php\/2019\/03\/02\/protesti-gradana-u-jagodini-cupriji-i-despotovcu\/protest55\/'><img loading=\"lazy\" decoding=\"async\" width=\"150\" height=\"150\" src=\"https:\/\/centralmedia.rs\/wp-content\/uploads\/2019\/03\/protest55-150x150.jpg\" class=\"attachment-thumbnail size-thumbnail\" alt=\"\" \/><\/a>\n\t\t\t<\/div><\/figure>\n\t\t<\/div>\n\n<p>&#8211; Ho\u0107emo \u00a0promene koje \u0107e obezbediti bolji \u017eivot,a ne da bolji \u017eivot tra\u017eimo samo van granica Srbije. Imamo veliki potencijal, ali ova vlast se trudi da ga ugu\u0161i. Pla\u0161e na\u0161eg potencijala, energije, snage i na\u0161e volje za promenama. \u017delimo civilizovan \u017eivot u ure\u0111enoj zemlji, gde \u0107e vlast biti u rukama naroda, gde \u0107e vlast raditi u interesu gra\u0111ana, da budu na\u0161i slu\u017ebenici, a ne zemlju u kojoj \u0107e vladati mafija. Dosta nam je mafija\u0161a u crnim d\u017eipovima, rekao je Velebit.<\/p>\n<p>Organizatori protesta su ostavili hoklicu ispred vrata Skup\u0161tine grada Jagodina i postavili pitanje politi\u010dkog zapo\u0161ljavanja u javnim preduze\u0107ima i ustanovama.<\/p>\n<div id='gallery-2' class='gallery galleryid-16504 gallery-columns-2 gallery-size-thumbnail'><figure class='gallery-item'>\n\t\t\t<div class='gallery-icon portrait'>\n\t\t\t\t<a href='https:\/\/centralmedia.rs\/index.php\/2019\/03\/02\/protesti-gradana-u-jagodini-cupriji-i-despotovcu\/despotovac1\/'><img loading=\"lazy\" decoding=\"async\" width=\"150\" height=\"150\" src=\"https:\/\/centralmedia.rs\/wp-content\/uploads\/2019\/03\/despotovac1-150x150.jpg\" class=\"attachment-thumbnail size-thumbnail\" alt=\"\" \/><\/a>\n\t\t\t<\/div><\/figure><figure class='gallery-item'>\n\t\t\t<div class='gallery-icon landscape'>\n\t\t\t\t<a href='https:\/\/centralmedia.rs\/index.php\/2019\/03\/02\/protesti-gradana-u-jagodini-cupriji-i-despotovcu\/cuprija-4\/'><img loading=\"lazy\" decoding=\"async\" width=\"150\" height=\"150\" src=\"https:\/\/centralmedia.rs\/wp-content\/uploads\/2019\/03\/cuprija-150x150.jpg\" class=\"attachment-thumbnail size-thumbnail\" alt=\"\" \/><\/a>\n\t\t\t<\/div><\/figure>\n\t\t<\/div>\n\n<p>Sli\u010dni zahtevi \u010duli su se na protestima u \u0106upriji i Despotovcu.<\/p>\n","protected":false},"excerpt":{"rendered":"<p>JAGODINA- Nekoliko stotina gra\u0111ani Jagodine, \u0106uprije i Despotovca ve\u010deras su protestovali na centralnim trgovima ovih gradova iskazali svoje nezadovoljstvo stanjem u dr\u017eavi. Peti put su &hellip; <\/p>\n","protected":false},"author":2,"featured_media":16505,"comment_status":"open","ping_status":"open","sticky":false,"template":"","format":"standard","meta":{"footnotes":""},"categories":[1515,1518,1524,2,1514,13,12],"tags":[44,51,58,3515],"_links":{"self":[{"href":"https:\/\/centralmedia.rs\/index.php\/wp-json\/wp\/v2\/posts\/16504"}],"collection":[{"href":"https:\/\/centralmedia.rs\/index.php\/wp-json\/wp\/v2\/posts"}],"about":[{"href":"https:\/\/centralmedia.rs\/index.php\/wp-json\/wp\/v2\/types\/post"}],"author":[{"embeddable":true,"href":"https:\/\/centralmedia.rs\/index.php\/wp-json\/wp\/v2\/users\/2"}],"replies":[{"embeddable":true,"href":"https:\/\/centralmedia.rs\/index.php\/wp-json\/wp\/v2\/comments?post=16504"}],"version-history":[{"count":1,"href":"https:\/\/centralmedia.rs\/index.php\/wp-json\/wp\/v2\/posts\/16504\/revisions"}],"predecessor-version":[{"id":16514,"href":"https:\/\/centralmedia.rs\/index.php\/wp-json\/wp\/v2\/posts\/16504\/revisions\/16514"}],"wp:featuredmedia":[{"embeddable":true,"href":"https:\/\/centralmedia.rs\/index.php\/wp-json\/wp\/v2\/media\/16505"}],"wp:attachment":[{"href":"https:\/\/centralmedia.rs\/index.php\/wp-json\/wp\/v2\/media?parent=16504"}],"wp:term":[{"taxonomy":"category","embeddable":true,"href":"https:\/\/centralmedia.rs\/index.php\/wp-json\/wp\/v2\/categories?post=16504"},{"taxonomy":"post_tag","embeddable":true,"href":"https:\/\/centralmedia.rs\/index.php\/wp-json\/wp\/v2\/tags?post=16504"}],"curies":[{"name":"wp","href":"https:\/\/api.w.org\/{rel}","templated":true}]}}