{"id":16531,"date":"2019-03-05T02:51:08","date_gmt":"2019-03-05T02:51:08","guid":{"rendered":"http:\/\/centralmedia.rs\/?p=16531"},"modified":"2019-03-05T02:51:08","modified_gmt":"2019-03-05T02:51:08","slug":"tribina-u-paracinu-gradanski-protesti","status":"publish","type":"post","link":"https:\/\/centralmedia.rs\/index.php\/2019\/03\/05\/tribina-u-paracinu-gradanski-protesti\/","title":{"rendered":"TRIBINA U PARA\u0106INU &#8211; GRA\u0110ANSKI PROTESTI"},"content":{"rendered":"<p>PARA\u0106IN- NA Tribini ,,Otvoren grad, slobodan dijalog&#8221; para\u0107inskog Doma omladine u petak 8. marta od 19.30 u Kulturnom centru govori\u0107e glumac Branislav Trifunovi\u0107 i knji\u017eevnik Marko \u0160eli\u0107 Mar\u010delo.<\/p>\n<p><img loading=\"lazy\" decoding=\"async\" class=\"alignnone wp-image-16533 size-full\" src=\"http:\/\/centralmedia.rs\/wp-content\/uploads\/2019\/03\/dijalog.jpg\" alt=\"\" width=\"443\" height=\"627\" srcset=\"https:\/\/centralmedia.rs\/wp-content\/uploads\/2019\/03\/dijalog.jpg 443w, https:\/\/centralmedia.rs\/wp-content\/uploads\/2019\/03\/dijalog-212x300.jpg 212w, https:\/\/centralmedia.rs\/wp-content\/uploads\/2019\/03\/dijalog-297x420.jpg 297w\" sizes=\"(max-width: 443px) 100vw, 443px\" \/><\/p>\n","protected":false},"excerpt":{"rendered":"<p>PARA\u0106IN- NA Tribini ,,Otvoren grad, slobodan dijalog&#8221; para\u0107inskog Doma omladine u petak 8. marta od 19.30 u Kulturnom centru govori\u0107e glumac Branislav Trifunovi\u0107 i knji\u017eevnik &hellip; <\/p>\n","protected":false},"author":2,"featured_media":16532,"comment_status":"open","ping_status":"open","sticky":false,"template":"","format":"standard","meta":{"footnotes":""},"categories":[14,1524,2,1516,12],"tags":[3366,725,156,681],"_links":{"self":[{"href":"https:\/\/centralmedia.rs\/index.php\/wp-json\/wp\/v2\/posts\/16531"}],"collection":[{"href":"https:\/\/centralmedia.rs\/index.php\/wp-json\/wp\/v2\/posts"}],"about":[{"href":"https:\/\/centralmedia.rs\/index.php\/wp-json\/wp\/v2\/types\/post"}],"author":[{"embeddable":true,"href":"https:\/\/centralmedia.rs\/index.php\/wp-json\/wp\/v2\/users\/2"}],"replies":[{"embeddable":true,"href":"https:\/\/centralmedia.rs\/index.php\/wp-json\/wp\/v2\/comments?post=16531"}],"version-history":[{"count":1,"href":"https:\/\/centralmedia.rs\/index.php\/wp-json\/wp\/v2\/posts\/16531\/revisions"}],"predecessor-version":[{"id":16534,"href":"https:\/\/centralmedia.rs\/index.php\/wp-json\/wp\/v2\/posts\/16531\/revisions\/16534"}],"wp:featuredmedia":[{"embeddable":true,"href":"https:\/\/centralmedia.rs\/index.php\/wp-json\/wp\/v2\/media\/16532"}],"wp:attachment":[{"href":"https:\/\/centralmedia.rs\/index.php\/wp-json\/wp\/v2\/media?parent=16531"}],"wp:term":[{"taxonomy":"category","embeddable":true,"href":"https:\/\/centralmedia.rs\/index.php\/wp-json\/wp\/v2\/categories?post=16531"},{"taxonomy":"post_tag","embeddable":true,"href":"https:\/\/centralmedia.rs\/index.php\/wp-json\/wp\/v2\/tags?post=16531"}],"curies":[{"name":"wp","href":"https:\/\/api.w.org\/{rel}","templated":true}]}}