{"id":1659,"date":"2015-12-25T14:10:53","date_gmt":"2015-12-25T14:10:53","guid":{"rendered":"http:\/\/centralmedia.rs\/?p=1659"},"modified":"2015-12-25T14:10:53","modified_gmt":"2015-12-25T14:10:53","slug":"vladika-branicevski-osvestana-kuca-na-pola-puta","status":"publish","type":"post","link":"https:\/\/centralmedia.rs\/index.php\/2015\/12\/25\/vladika-branicevski-osvestana-kuca-na-pola-puta\/","title":{"rendered":"VLADIKA BRANI\u010cEVSKI &#8211; OSVE\u0160TANA ,,KU\u0106A NA POLA PUTA\u201d"},"content":{"rendered":"<p>\u0106UPRIJA-Vladika Brani\u010devski Ignjatije osve\u0161ao je danas prostorije regionalnog Centra za porodi\u010dni sme\u0161taj i usvojenje u \u0106upriji, u koje \u0107e se useliti mladi\u0107i i devojke koja izlaze iz hraniteljskih porodica, a re\u010d je pilot projektu ,,Ku\u0107a na pola puta\u201d. U renoviranje prostorija ulo\u017eeno 1,4 miliona dinara, odnosno radovima krovnoj konstrukciji, ure\u0111enju i opremanju.<br \/>\n-Du\u017eni smo da poma\u017eemo jedni drugima,jer tako iskazujemo ljubav prema gospodu. Briga za \u010doveka je izraz vere u boga, rekao je vladika Ignjatije.<br \/>\n Osve\u0161tavanju je prisustvovao poverenik Hilandara Milo\u0161 Stojkovi\u0107.<br \/>\n-Na\u0161a obaveza je da poma\u017eemo svima i ovo je put osamostaljenja dece, posle \u017eivota u hraniteljskoj porodici. Brinu\u0107emo o njima do forminja njihovih porodica i zaposlenja, odnosno normalnog \u017eivota, rekao je predsednik op\u0161tine \u0106uprija Ninoslav Eri\u0107.<br \/>\nU centru \u0107e biti sme\u0161teno za po\u010detak troje korisnika.<br \/>\n-Ovo je prvi put u Srbiji da se u okviru jendog centra formiraju prostorije za decu koja izlaze iz hraniteljksih porodica. To je prakti\u010dno, jer su tu na\u0161i savetnici, psiholozi, kao i celokupno osoblje centra. Oni \u0107e biti tu do potpunog osamostaljivanja korisnika, rekao je direktor centra Hristos Aleksopulos.<br \/>\nMinistar Aleksandar Vulin otvori\u0107e zvani\u010dno ve\u010daras nove prostorije tog centra. <\/p>\n","protected":false},"excerpt":{"rendered":"<p>\u0106UPRIJA-Vladika Brani\u010devski Ignjatije osve\u0161ao je danas prostorije regionalnog Centra za porodi\u010dni sme\u0161taj i usvojenje u \u0106upriji, u koje \u0107e se useliti mladi\u0107i i devojke koja &hellip; <\/p>\n","protected":false},"author":4,"featured_media":1660,"comment_status":"open","ping_status":"open","sticky":false,"template":"","format":"standard","meta":{"footnotes":""},"categories":[14,2,12],"tags":[207,44,394],"_links":{"self":[{"href":"https:\/\/centralmedia.rs\/index.php\/wp-json\/wp\/v2\/posts\/1659"}],"collection":[{"href":"https:\/\/centralmedia.rs\/index.php\/wp-json\/wp\/v2\/posts"}],"about":[{"href":"https:\/\/centralmedia.rs\/index.php\/wp-json\/wp\/v2\/types\/post"}],"author":[{"embeddable":true,"href":"https:\/\/centralmedia.rs\/index.php\/wp-json\/wp\/v2\/users\/4"}],"replies":[{"embeddable":true,"href":"https:\/\/centralmedia.rs\/index.php\/wp-json\/wp\/v2\/comments?post=1659"}],"version-history":[{"count":0,"href":"https:\/\/centralmedia.rs\/index.php\/wp-json\/wp\/v2\/posts\/1659\/revisions"}],"wp:featuredmedia":[{"embeddable":true,"href":"https:\/\/centralmedia.rs\/index.php\/wp-json\/wp\/v2\/media\/1660"}],"wp:attachment":[{"href":"https:\/\/centralmedia.rs\/index.php\/wp-json\/wp\/v2\/media?parent=1659"}],"wp:term":[{"taxonomy":"category","embeddable":true,"href":"https:\/\/centralmedia.rs\/index.php\/wp-json\/wp\/v2\/categories?post=1659"},{"taxonomy":"post_tag","embeddable":true,"href":"https:\/\/centralmedia.rs\/index.php\/wp-json\/wp\/v2\/tags?post=1659"}],"curies":[{"name":"wp","href":"https:\/\/api.w.org\/{rel}","templated":true}]}}