{"id":16593,"date":"2019-03-08T20:06:27","date_gmt":"2019-03-08T20:06:27","guid":{"rendered":"http:\/\/centralmedia.rs\/?p=16593"},"modified":"2019-03-22T19:15:44","modified_gmt":"2019-03-22T19:15:44","slug":"treci-protest-1od5miliona-u-paracinu-prva-setnja-bane-i-marcelo","status":"publish","type":"post","link":"https:\/\/centralmedia.rs\/index.php\/2019\/03\/08\/treci-protest-1od5miliona-u-paracinu-prva-setnja-bane-i-marcelo\/","title":{"rendered":"TRE\u0106I PROTEST 1OD5MILIONA U PARA\u0106INU &#8211; PRVA \u0160ETNJA, BANE I MAR\u010cELO"},"content":{"rendered":"<p>PARA\u0106IN- Na tre\u0107em protestnom skupu 1od5miliona u Para\u0107inu govorili su glumac Branislav Trifunovi\u0107 i knji\u017eevnik i reper Marko \u0160eli\u0107 Mar\u010delo. Vi\u0161e stotina Para\u0107inaca su prvi put \u0161etali ulicama svog grada do centra do autobuske stanice. Podr\u0161ku protestu dali su otpu\u0161teni radnici Srklse fabrike stakla.<\/p>\n<div id='gallery-1' class='gallery galleryid-16593 gallery-columns-7 gallery-size-thumbnail'><figure class='gallery-item'>\n\t\t\t<div class='gallery-icon portrait'>\n\t\t\t\t<a href='https:\/\/centralmedia.rs\/index.php\/2019\/03\/08\/treci-protest-1od5miliona-u-paracinu-prva-setnja-bane-i-marcelo\/bane\/'><img loading=\"lazy\" decoding=\"async\" width=\"150\" height=\"150\" src=\"https:\/\/centralmedia.rs\/wp-content\/uploads\/2019\/03\/bane-150x150.jpg\" class=\"attachment-thumbnail size-thumbnail\" alt=\"\" \/><\/a>\n\t\t\t<\/div><\/figure><figure class='gallery-item'>\n\t\t\t<div class='gallery-icon portrait'>\n\t\t\t\t<a href='https:\/\/centralmedia.rs\/index.php\/2019\/03\/08\/treci-protest-1od5miliona-u-paracinu-prva-setnja-bane-i-marcelo\/marcelo-5\/'><img loading=\"lazy\" decoding=\"async\" width=\"150\" height=\"150\" src=\"https:\/\/centralmedia.rs\/wp-content\/uploads\/2019\/03\/marcelo-150x150.jpg\" class=\"attachment-thumbnail size-thumbnail\" alt=\"\" \/><\/a>\n\t\t\t<\/div><\/figure><figure class='gallery-item'>\n\t\t\t<div class='gallery-icon landscape'>\n\t\t\t\t<a href='https:\/\/centralmedia.rs\/index.php\/2019\/03\/08\/treci-protest-1od5miliona-u-paracinu-prva-setnja-bane-i-marcelo\/protest-1-6\/'><img loading=\"lazy\" decoding=\"async\" width=\"150\" height=\"150\" src=\"https:\/\/centralmedia.rs\/wp-content\/uploads\/2019\/03\/protest-1-1-150x150.jpg\" class=\"attachment-thumbnail size-thumbnail\" alt=\"\" \/><\/a>\n\t\t\t<\/div><\/figure><figure class='gallery-item'>\n\t\t\t<div class='gallery-icon landscape'>\n\t\t\t\t<a href='https:\/\/centralmedia.rs\/index.php\/2019\/03\/08\/treci-protest-1od5miliona-u-paracinu-prva-setnja-bane-i-marcelo\/protest-3-4\/'><img loading=\"lazy\" decoding=\"async\" width=\"150\" height=\"150\" src=\"https:\/\/centralmedia.rs\/wp-content\/uploads\/2019\/03\/protest-3-150x150.jpg\" class=\"attachment-thumbnail size-thumbnail\" alt=\"\" \/><\/a>\n\t\t\t<\/div><\/figure><figure class='gallery-item'>\n\t\t\t<div class='gallery-icon landscape'>\n\t\t\t\t<a href='https:\/\/centralmedia.rs\/index.php\/2019\/03\/08\/treci-protest-1od5miliona-u-paracinu-prva-setnja-bane-i-marcelo\/protest-4-4\/'><img loading=\"lazy\" decoding=\"async\" width=\"150\" height=\"150\" src=\"https:\/\/centralmedia.rs\/wp-content\/uploads\/2019\/03\/protest-4-150x150.jpg\" class=\"attachment-thumbnail size-thumbnail\" alt=\"\" \/><\/a>\n\t\t\t<\/div><\/figure><figure class='gallery-item'>\n\t\t\t<div class='gallery-icon landscape'>\n\t\t\t\t<a href='https:\/\/centralmedia.rs\/index.php\/2019\/03\/08\/treci-protest-1od5miliona-u-paracinu-prva-setnja-bane-i-marcelo\/protest-5-4\/'><img loading=\"lazy\" decoding=\"async\" width=\"150\" height=\"150\" src=\"https:\/\/centralmedia.rs\/wp-content\/uploads\/2019\/03\/protest-5-1-150x150.jpg\" class=\"attachment-thumbnail size-thumbnail\" alt=\"\" \/><\/a>\n\t\t\t<\/div><\/figure><figure class='gallery-item'>\n\t\t\t<div class='gallery-icon landscape'>\n\t\t\t\t<a href='https:\/\/centralmedia.rs\/index.php\/2019\/03\/08\/treci-protest-1od5miliona-u-paracinu-prva-setnja-bane-i-marcelo\/protest-10\/'><img loading=\"lazy\" decoding=\"async\" width=\"150\" height=\"150\" src=\"https:\/\/centralmedia.rs\/wp-content\/uploads\/2019\/03\/protest-150x150.jpg\" class=\"attachment-thumbnail size-thumbnail\" alt=\"\" \/><\/a>\n\t\t\t<\/div><\/figure>\n\t\t<\/div>\n\n<p>&#8211; Svi zajedno dozvolili smo da na snagu stupi geslo ,,Srbija se saginjati ho\u0107e&#8221; i evo gde smo. Drage dame dame danas nemamo \u0161ta da slavimo, jer ovo nije ,,Lutkina ku\u0107a&#8221;, ovo je Jutkina ku\u0107a. Sve vi\u0161e ljudi iz nje odlazi kako bi bili tretirani kao osobe. Svi okreta\u010di glave na drugu stranu uskoro ne\u0107e vi\u0161e imati gde da je okrenu, jer zlo \u0107e do\u0107i i na njihov prag. Ne\u0107e pomo\u0107i iako ste mirni kao bubice i poslu\u0161ni. Dante jeste u pravu ,,u paklu nema nade&#8221;, ako je u srcima kukavica ima ta nada je jalova, a mi smo predugo bili kukavice. Mi zaista imamo dug prema otad\u017ebini, du\u017eni smo jedni druge ohrabrimo, \u0161titimo, da zajedno ustanemo i od svoje zemlje napokon napravimo dr\u017eavu. Ili to ili da, \u0161to re\u010de Kojo, stanemo u red sa Sirijcima, govorio je Mar\u010delo.<\/p>\n<p>On je ponovio da lustracija i Zakon o poreklu imovine moraju se odnositi i na vlast i na opoziciju, bez razlike.<\/p>\n<p>&#8211; Za\u0161to smo dozvolili da nama vladaju ljudi kojima na\u0161i \u017eivoti ni\u0161ta ne zna\u010de? Kada \u0107emo prestati da \u017emurimo i kada \u0107emo ovu dr\u017eavu oteti od kriminalaca i vrati je narodu. Nema nikog i ni\u010deg ja\u010deg od nas. Na\u0161a ljubav prema zemlji je mnogo ja\u010da od njihove ljubavi pream novcu, la\u017eima i kra\u0111ama. Oduprite se i ka\u017eite da ste \u017eivi i da se ne pla\u0161ite, rekao je Trifunovi\u0107.<\/p>\n<p>Mar\u010delo i Trifunovi\u0107 su kasnije u\u010destvovali na Tribini o protestima Doma omladine.<\/p>\n","protected":false},"excerpt":{"rendered":"<p>PARA\u0106IN- Na tre\u0107em protestnom skupu 1od5miliona u Para\u0107inu govorili su glumac Branislav Trifunovi\u0107 i knji\u017eevnik i reper Marko \u0160eli\u0107 Mar\u010delo. Vi\u0161e stotina Para\u0107inaca su prvi &hellip; <\/p>\n","protected":false},"author":2,"featured_media":16594,"comment_status":"open","ping_status":"open","sticky":false,"template":"","format":"standard","meta":{"footnotes":""},"categories":[14,1524,2,1516,12],"tags":[3550,3551,156,523,3549],"_links":{"self":[{"href":"https:\/\/centralmedia.rs\/index.php\/wp-json\/wp\/v2\/posts\/16593"}],"collection":[{"href":"https:\/\/centralmedia.rs\/index.php\/wp-json\/wp\/v2\/posts"}],"about":[{"href":"https:\/\/centralmedia.rs\/index.php\/wp-json\/wp\/v2\/types\/post"}],"author":[{"embeddable":true,"href":"https:\/\/centralmedia.rs\/index.php\/wp-json\/wp\/v2\/users\/2"}],"replies":[{"embeddable":true,"href":"https:\/\/centralmedia.rs\/index.php\/wp-json\/wp\/v2\/comments?post=16593"}],"version-history":[{"count":2,"href":"https:\/\/centralmedia.rs\/index.php\/wp-json\/wp\/v2\/posts\/16593\/revisions"}],"predecessor-version":[{"id":16603,"href":"https:\/\/centralmedia.rs\/index.php\/wp-json\/wp\/v2\/posts\/16593\/revisions\/16603"}],"wp:featuredmedia":[{"embeddable":true,"href":"https:\/\/centralmedia.rs\/index.php\/wp-json\/wp\/v2\/media\/16594"}],"wp:attachment":[{"href":"https:\/\/centralmedia.rs\/index.php\/wp-json\/wp\/v2\/media?parent=16593"}],"wp:term":[{"taxonomy":"category","embeddable":true,"href":"https:\/\/centralmedia.rs\/index.php\/wp-json\/wp\/v2\/categories?post=16593"},{"taxonomy":"post_tag","embeddable":true,"href":"https:\/\/centralmedia.rs\/index.php\/wp-json\/wp\/v2\/tags?post=16593"}],"curies":[{"name":"wp","href":"https:\/\/api.w.org\/{rel}","templated":true}]}}