{"id":16604,"date":"2019-03-09T08:57:58","date_gmt":"2019-03-09T08:57:58","guid":{"rendered":"http:\/\/centralmedia.rs\/?p=16604"},"modified":"2019-03-22T19:15:53","modified_gmt":"2019-03-22T19:15:53","slug":"sampion-se-vratio-na-velika-vrata-milos-anic-profesionalni-prvak-sveta-u-kik-boksu","status":"publish","type":"post","link":"https:\/\/centralmedia.rs\/index.php\/2019\/03\/09\/sampion-se-vratio-na-velika-vrata-milos-anic-profesionalni-prvak-sveta-u-kik-boksu\/","title":{"rendered":"\u0160AMPION SE VRATIO U RING I OSVOJIO TITULU PRVAKA SVETA U KIK BOKSU &#8211; JAGODINSKI SUPERMEN MILO\u0160 ANI\u0106"},"content":{"rendered":"<p>MAINC- Legendarni jagodinski kikbokser Milo\u0161 Ani\u0107 \u00a0postao je profesionalnog prvak sveta u AFSO federaciji u K1 stilu do 63,5 kilograma. On je u Nema\u010dkoj pobedio, prekidom u drugoj rundi, \u0110anluku Bartolotija.<\/p>\n<p>&#8211; Veoma sam sre\u0107an, pobedio sam prekidom u drugoj rundi. \u017deleo bih prvo da se zahvalim svima koji su verovali u mene, ja znam kojim putem sam krenuo, da on nije nimalo lak i pun je odricanja, ali je to put koji ja najbolje znam i i\u0107i \u0107u njime koliko me noge nose. Zahvaljujem se mojoj porodici kojoj je sigurno te\u017ee nego meni, a opet oni su tu sa svakim mojim korakom, rekao je Ani\u0107 posle me\u010da.<\/p>\n<p><img loading=\"lazy\" decoding=\"async\" class=\"alignnone wp-image-16608 size-full\" src=\"http:\/\/centralmedia.rs\/wp-content\/uploads\/2019\/03\/MILOS1.jpg\" alt=\"\" width=\"639\" height=\"960\" srcset=\"https:\/\/centralmedia.rs\/wp-content\/uploads\/2019\/03\/MILOS1.jpg 639w, https:\/\/centralmedia.rs\/wp-content\/uploads\/2019\/03\/MILOS1-200x300.jpg 200w, https:\/\/centralmedia.rs\/wp-content\/uploads\/2019\/03\/MILOS1-280x420.jpg 280w\" sizes=\"(max-width: 639px) 100vw, 639px\" \/><\/p>\n<p>Posle pauze, on se pro\u0161le godine ponovo vratio kik boksu. Sada \u017eivi i radi na Malti. Iza njega su veliki uspesi u amaterskom i profesionalnom kik boksu.<\/p>\n<p>&#8211; Pro\u0161le godine sam opet po\u010deo sa borbama i nadam se jo\u0161 godinu,dve, ne vi\u0161e. Imam par ponuda za me\u010deve i jedan je revan\u0161 za titulu u WKU federaciji na Malti u maju, najvljuje Ani\u0107.<\/p>\n","protected":false},"excerpt":{"rendered":"<p>MAINC- Legendarni jagodinski kikbokser Milo\u0161 Ani\u0107 \u00a0postao je profesionalnog prvak sveta u AFSO federaciji u K1 stilu do 63,5 kilograma. On je u Nema\u010dkoj pobedio, &hellip; <\/p>\n","protected":false},"author":2,"featured_media":16607,"comment_status":"open","ping_status":"open","sticky":false,"template":"","format":"standard","meta":{"footnotes":""},"categories":[1524,2,1514,21,12,1],"tags":[3547,3552,3553],"_links":{"self":[{"href":"https:\/\/centralmedia.rs\/index.php\/wp-json\/wp\/v2\/posts\/16604"}],"collection":[{"href":"https:\/\/centralmedia.rs\/index.php\/wp-json\/wp\/v2\/posts"}],"about":[{"href":"https:\/\/centralmedia.rs\/index.php\/wp-json\/wp\/v2\/types\/post"}],"author":[{"embeddable":true,"href":"https:\/\/centralmedia.rs\/index.php\/wp-json\/wp\/v2\/users\/2"}],"replies":[{"embeddable":true,"href":"https:\/\/centralmedia.rs\/index.php\/wp-json\/wp\/v2\/comments?post=16604"}],"version-history":[{"count":4,"href":"https:\/\/centralmedia.rs\/index.php\/wp-json\/wp\/v2\/posts\/16604\/revisions"}],"predecessor-version":[{"id":16610,"href":"https:\/\/centralmedia.rs\/index.php\/wp-json\/wp\/v2\/posts\/16604\/revisions\/16610"}],"wp:featuredmedia":[{"embeddable":true,"href":"https:\/\/centralmedia.rs\/index.php\/wp-json\/wp\/v2\/media\/16607"}],"wp:attachment":[{"href":"https:\/\/centralmedia.rs\/index.php\/wp-json\/wp\/v2\/media?parent=16604"}],"wp:term":[{"taxonomy":"category","embeddable":true,"href":"https:\/\/centralmedia.rs\/index.php\/wp-json\/wp\/v2\/categories?post=16604"},{"taxonomy":"post_tag","embeddable":true,"href":"https:\/\/centralmedia.rs\/index.php\/wp-json\/wp\/v2\/tags?post=16604"}],"curies":[{"name":"wp","href":"https:\/\/api.w.org\/{rel}","templated":true}]}}