{"id":16614,"date":"2019-03-09T15:43:29","date_gmt":"2019-03-09T15:43:29","guid":{"rendered":"http:\/\/centralmedia.rs\/?p=16614"},"modified":"2019-03-22T19:16:20","modified_gmt":"2019-03-22T19:16:20","slug":"7-salon-vina-u-paracinu-najbolja-vina-stubice-i-velje-glave","status":"publish","type":"post","link":"https:\/\/centralmedia.rs\/index.php\/2019\/03\/09\/7-salon-vina-u-paracinu-najbolja-vina-stubice-i-velje-glave\/","title":{"rendered":"7. SALON VINA U PARA\u0106INU &#8211; NAJBOLJA VINA IZ STUBICE I VELJE GLAVE"},"content":{"rendered":"<p>PARA\u0106IN- Na 7. Salonu vina u Para\u0107inu nagrade za najbolja vina od autohtonih sorti dobili su za kupa\u017eu tamjanike i \u017eupljanke Danila Milovanovi\u0107a iz \u0106uprije, odnosno vinarija iz Stubice, i prokupac Borivoja Pribanovi\u0107a iz Velje Glave kod Aleksandovca, vinarija Vuji\u0107.\u00a0Salon je otvorio predsednik op\u0161tine Sa\u0161a Paunovi\u0107.<\/p>\n<div id='gallery-1' class='gallery galleryid-16614 gallery-columns-7 gallery-size-thumbnail'><figure class='gallery-item'>\n\t\t\t<div class='gallery-icon landscape'>\n\t\t\t\t<a href='https:\/\/centralmedia.rs\/index.php\/2019\/03\/09\/7-salon-vina-u-paracinu-najbolja-vina-stubice-i-velje-glave\/salon-1\/'><img loading=\"lazy\" decoding=\"async\" width=\"150\" height=\"150\" src=\"https:\/\/centralmedia.rs\/wp-content\/uploads\/2019\/03\/salon-1-150x150.jpg\" class=\"attachment-thumbnail size-thumbnail\" alt=\"\" \/><\/a>\n\t\t\t<\/div><\/figure><figure class='gallery-item'>\n\t\t\t<div class='gallery-icon landscape'>\n\t\t\t\t<a href='https:\/\/centralmedia.rs\/index.php\/2019\/03\/09\/7-salon-vina-u-paracinu-najbolja-vina-stubice-i-velje-glave\/salon-2\/'><img loading=\"lazy\" decoding=\"async\" width=\"150\" height=\"150\" src=\"https:\/\/centralmedia.rs\/wp-content\/uploads\/2019\/03\/salon-2-150x150.jpg\" class=\"attachment-thumbnail size-thumbnail\" alt=\"\" \/><\/a>\n\t\t\t<\/div><\/figure><figure class='gallery-item'>\n\t\t\t<div class='gallery-icon landscape'>\n\t\t\t\t<a href='https:\/\/centralmedia.rs\/index.php\/2019\/03\/09\/7-salon-vina-u-paracinu-najbolja-vina-stubice-i-velje-glave\/salon-3\/'><img loading=\"lazy\" decoding=\"async\" width=\"150\" height=\"150\" src=\"https:\/\/centralmedia.rs\/wp-content\/uploads\/2019\/03\/salon-3-150x150.jpg\" class=\"attachment-thumbnail size-thumbnail\" alt=\"\" \/><\/a>\n\t\t\t<\/div><\/figure><figure class='gallery-item'>\n\t\t\t<div class='gallery-icon landscape'>\n\t\t\t\t<a href='https:\/\/centralmedia.rs\/index.php\/2019\/03\/09\/7-salon-vina-u-paracinu-najbolja-vina-stubice-i-velje-glave\/salon-4-2\/'><img loading=\"lazy\" decoding=\"async\" width=\"150\" height=\"150\" src=\"https:\/\/centralmedia.rs\/wp-content\/uploads\/2019\/03\/salon-4-1-150x150.jpg\" class=\"attachment-thumbnail size-thumbnail\" alt=\"\" \/><\/a>\n\t\t\t<\/div><\/figure><figure class='gallery-item'>\n\t\t\t<div class='gallery-icon landscape'>\n\t\t\t\t<a href='https:\/\/centralmedia.rs\/index.php\/2019\/03\/09\/7-salon-vina-u-paracinu-najbolja-vina-stubice-i-velje-glave\/salon-5\/'><img loading=\"lazy\" decoding=\"async\" width=\"150\" height=\"150\" src=\"https:\/\/centralmedia.rs\/wp-content\/uploads\/2019\/03\/salon-5-150x150.jpg\" class=\"attachment-thumbnail size-thumbnail\" alt=\"\" \/><\/a>\n\t\t\t<\/div><\/figure><figure class='gallery-item'>\n\t\t\t<div class='gallery-icon portrait'>\n\t\t\t\t<a href='https:\/\/centralmedia.rs\/index.php\/2019\/03\/09\/7-salon-vina-u-paracinu-najbolja-vina-stubice-i-velje-glave\/salon-6\/'><img loading=\"lazy\" decoding=\"async\" width=\"150\" height=\"150\" src=\"https:\/\/centralmedia.rs\/wp-content\/uploads\/2019\/03\/salon-6-150x150.jpg\" class=\"attachment-thumbnail size-thumbnail\" alt=\"\" \/><\/a>\n\t\t\t<\/div><\/figure><figure class='gallery-item'>\n\t\t\t<div class='gallery-icon landscape'>\n\t\t\t\t<a href='https:\/\/centralmedia.rs\/index.php\/2019\/03\/09\/7-salon-vina-u-paracinu-najbolja-vina-stubice-i-velje-glave\/salon\/'><img loading=\"lazy\" decoding=\"async\" width=\"150\" height=\"150\" src=\"https:\/\/centralmedia.rs\/wp-content\/uploads\/2019\/03\/salon-150x150.jpg\" class=\"attachment-thumbnail size-thumbnail\" alt=\"\" \/><\/a>\n\t\t\t<\/div><\/figure>\n\t\t<\/div>\n\n<p>&#8211; Okupili smo 73. vinarije sa preko 400 etiketa, zatim proizvo\u0111a\u010de drvenih buradi, sira i stakla. Svi krajevi Srbije su zastupljeni na Salonu, a imamo vinare iz Makedonije, Crne Gore i Bugarske, \u0161to daje me\u0111unarodni karakter, rekao je direktor Turisti\u010dke organizcije Aljo\u0161a Gligorijevi\u0107.<\/p>\n<p>Jedina \u017eena vinar Marija Mileti\u0107 iz Opari\u0107a kod Rekovca, vlasnica vinarije Mileti\u0107, izlo\u017eila vi\u0161e etiketa svojih vina. Ona je sa svojim suprugom nastavlja\u010d tradicije vinara duge pet generacija. Obra\u0111uje na stotinak metara od svoje vinarije oko 12 hektara vinograda i pravi je primer uspe\u0161nog rada od vinograda, preko proizvodnje do promocije.<\/p>\n","protected":false},"excerpt":{"rendered":"<p>PARA\u0106IN- Na 7. Salonu vina u Para\u0107inu nagrade za najbolja vina od autohtonih sorti dobili su za kupa\u017eu tamjanike i \u017eupljanke Danila Milovanovi\u0107a iz \u0106uprije, &hellip; <\/p>\n","protected":false},"author":2,"featured_media":16615,"comment_status":"open","ping_status":"open","sticky":false,"template":"","format":"standard","meta":{"footnotes":""},"categories":[1524,2,23,1516,3054],"tags":[156,2620],"_links":{"self":[{"href":"https:\/\/centralmedia.rs\/index.php\/wp-json\/wp\/v2\/posts\/16614"}],"collection":[{"href":"https:\/\/centralmedia.rs\/index.php\/wp-json\/wp\/v2\/posts"}],"about":[{"href":"https:\/\/centralmedia.rs\/index.php\/wp-json\/wp\/v2\/types\/post"}],"author":[{"embeddable":true,"href":"https:\/\/centralmedia.rs\/index.php\/wp-json\/wp\/v2\/users\/2"}],"replies":[{"embeddable":true,"href":"https:\/\/centralmedia.rs\/index.php\/wp-json\/wp\/v2\/comments?post=16614"}],"version-history":[{"count":2,"href":"https:\/\/centralmedia.rs\/index.php\/wp-json\/wp\/v2\/posts\/16614\/revisions"}],"predecessor-version":[{"id":16624,"href":"https:\/\/centralmedia.rs\/index.php\/wp-json\/wp\/v2\/posts\/16614\/revisions\/16624"}],"wp:featuredmedia":[{"embeddable":true,"href":"https:\/\/centralmedia.rs\/index.php\/wp-json\/wp\/v2\/media\/16615"}],"wp:attachment":[{"href":"https:\/\/centralmedia.rs\/index.php\/wp-json\/wp\/v2\/media?parent=16614"}],"wp:term":[{"taxonomy":"category","embeddable":true,"href":"https:\/\/centralmedia.rs\/index.php\/wp-json\/wp\/v2\/categories?post=16614"},{"taxonomy":"post_tag","embeddable":true,"href":"https:\/\/centralmedia.rs\/index.php\/wp-json\/wp\/v2\/tags?post=16614"}],"curies":[{"name":"wp","href":"https:\/\/api.w.org\/{rel}","templated":true}]}}