{"id":16625,"date":"2019-03-09T19:40:00","date_gmt":"2019-03-09T19:40:00","guid":{"rendered":"http:\/\/centralmedia.rs\/?p=16625"},"modified":"2019-03-22T19:16:29","modified_gmt":"2019-03-22T19:16:29","slug":"sesti-protest-gradana-jagodine-1od5miliona-dr-petrovic-dok-je-mraka-bice-i-svanuca","status":"publish","type":"post","link":"https:\/\/centralmedia.rs\/index.php\/2019\/03\/09\/sesti-protest-gradana-jagodine-1od5miliona-dr-petrovic-dok-je-mraka-bice-i-svanuca\/","title":{"rendered":"\u0160ESTI PROTEST GRA\u0110ANA JAGODINE #1OD5MILIONA &#8211; DR PETROVI\u0106: DOK JE MRAKA BI\u0106E I SVANU\u0106A"},"content":{"rendered":"<p>JAGODINA- \u0160esti protest i \u0161etnja gra\u0111ana Jagodine #1od5 miliona odr\u017ean je ve\u010deras. U centru grada gra\u0111anima se obratila potpredsednica Nove stranke dr Mira Petrovi\u0107, a ispred Skup\u0161tine grada organizatori su najavili da \u0107e radikalizovati protest ukoliko ne dobiju odgovore na pitanja koja postavljaju.<\/p>\n<p>&#8211; \u00a0Neprihvatanje dijaloga, argumenata i suprotstavljenih mi\u0161ljenja je potvrda krize parlamentarizma i odustva svesti o javnom interesu. Stanje u dr\u017eavi je poraz mnogih od nas, dosta toga nije kako bi trebalo da bude. Etika ustupa mesto nemoralu, dru\u0161tvo je apati\u010dno, podeljeno i izjedeno korupcijom. Neistomi\u0161ljenici se tretiraju kao neoprijatelji, sntitucije su slabe, medijski mrak ote\u017eava put do istine. Oni bi hteli da \u0107utimo, da se pomirimo sudbinom, da slu\u0161amo la\u017e koja postaje istina, a onda ponovo postaje la\u017e. Dok je mraka bi\u0107e i svanu\u0107a, ono \u0161to je bilo daleko pribli\u017eilo se, vreme je isteko. Nije hrabar onaj\u00a0 ko se nikad nije upla\u0161io, ve\u0107 onaj ko je strah pobedio. Cilj je dr\u017eava u kojoj \u0107e svako da radi svoj posao i pristojno da \u017eivi od svog rada, ne razmi\u0161ljaju\u0107i ko je u kojoj partiji i ko je \u010diji ro\u0111ak, kazala je dr Petrovi\u0107.<\/p>\n<div id='gallery-1' class='gallery galleryid-16625 gallery-columns-8 gallery-size-thumbnail'><figure class='gallery-item'>\n\t\t\t<div class='gallery-icon landscape'>\n\t\t\t\t<a href='https:\/\/centralmedia.rs\/index.php\/2019\/03\/09\/sesti-protest-gradana-jagodine-1od5miliona-dr-petrovic-dok-je-mraka-bice-i-svanuca\/protest-11\/'><img loading=\"lazy\" decoding=\"async\" width=\"150\" height=\"150\" src=\"https:\/\/centralmedia.rs\/wp-content\/uploads\/2019\/03\/protest-6-150x150.jpg\" class=\"attachment-thumbnail size-thumbnail\" alt=\"\" \/><\/a>\n\t\t\t<\/div><\/figure><figure class='gallery-item'>\n\t\t\t<div class='gallery-icon landscape'>\n\t\t\t\t<a href='https:\/\/centralmedia.rs\/index.php\/2019\/03\/09\/sesti-protest-gradana-jagodine-1od5miliona-dr-petrovic-dok-je-mraka-bice-i-svanuca\/protest1\/'><img loading=\"lazy\" decoding=\"async\" width=\"150\" height=\"150\" src=\"https:\/\/centralmedia.rs\/wp-content\/uploads\/2019\/03\/protest1-150x150.jpg\" class=\"attachment-thumbnail size-thumbnail\" alt=\"\" \/><\/a>\n\t\t\t<\/div><\/figure><figure class='gallery-item'>\n\t\t\t<div class='gallery-icon landscape'>\n\t\t\t\t<a href='https:\/\/centralmedia.rs\/index.php\/2019\/03\/09\/sesti-protest-gradana-jagodine-1od5miliona-dr-petrovic-dok-je-mraka-bice-i-svanuca\/protest2\/'><img loading=\"lazy\" decoding=\"async\" width=\"150\" height=\"150\" src=\"https:\/\/centralmedia.rs\/wp-content\/uploads\/2019\/03\/protest2-150x150.jpg\" class=\"attachment-thumbnail size-thumbnail\" alt=\"\" \/><\/a>\n\t\t\t<\/div><\/figure><figure class='gallery-item'>\n\t\t\t<div class='gallery-icon landscape'>\n\t\t\t\t<a href='https:\/\/centralmedia.rs\/index.php\/2019\/03\/09\/sesti-protest-gradana-jagodine-1od5miliona-dr-petrovic-dok-je-mraka-bice-i-svanuca\/protest4\/'><img loading=\"lazy\" decoding=\"async\" width=\"150\" height=\"150\" src=\"https:\/\/centralmedia.rs\/wp-content\/uploads\/2019\/03\/protest4-150x150.jpg\" class=\"attachment-thumbnail size-thumbnail\" alt=\"\" \/><\/a>\n\t\t\t<\/div><\/figure><figure class='gallery-item'>\n\t\t\t<div class='gallery-icon landscape'>\n\t\t\t\t<a href='https:\/\/centralmedia.rs\/index.php\/2019\/03\/09\/sesti-protest-gradana-jagodine-1od5miliona-dr-petrovic-dok-je-mraka-bice-i-svanuca\/protest5\/'><img loading=\"lazy\" decoding=\"async\" width=\"150\" height=\"150\" src=\"https:\/\/centralmedia.rs\/wp-content\/uploads\/2019\/03\/protest5-150x150.jpg\" class=\"attachment-thumbnail size-thumbnail\" alt=\"\" \/><\/a>\n\t\t\t<\/div><\/figure><figure class='gallery-item'>\n\t\t\t<div class='gallery-icon landscape'>\n\t\t\t\t<a href='https:\/\/centralmedia.rs\/index.php\/2019\/03\/09\/sesti-protest-gradana-jagodine-1od5miliona-dr-petrovic-dok-je-mraka-bice-i-svanuca\/protest6\/'><img loading=\"lazy\" decoding=\"async\" width=\"150\" height=\"150\" src=\"https:\/\/centralmedia.rs\/wp-content\/uploads\/2019\/03\/protest6-150x150.jpg\" class=\"attachment-thumbnail size-thumbnail\" alt=\"\" \/><\/a>\n\t\t\t<\/div><\/figure><figure class='gallery-item'>\n\t\t\t<div class='gallery-icon landscape'>\n\t\t\t\t<a href='https:\/\/centralmedia.rs\/index.php\/2019\/03\/09\/sesti-protest-gradana-jagodine-1od5miliona-dr-petrovic-dok-je-mraka-bice-i-svanuca\/protest7\/'><img loading=\"lazy\" decoding=\"async\" width=\"150\" height=\"150\" src=\"https:\/\/centralmedia.rs\/wp-content\/uploads\/2019\/03\/protest7-150x150.jpg\" class=\"attachment-thumbnail size-thumbnail\" alt=\"\" \/><\/a>\n\t\t\t<\/div><\/figure><figure class='gallery-item'>\n\t\t\t<div class='gallery-icon landscape'>\n\t\t\t\t<a href='https:\/\/centralmedia.rs\/index.php\/2019\/03\/09\/sesti-protest-gradana-jagodine-1od5miliona-dr-petrovic-dok-je-mraka-bice-i-svanuca\/protest8\/'><img loading=\"lazy\" decoding=\"async\" width=\"150\" height=\"150\" src=\"https:\/\/centralmedia.rs\/wp-content\/uploads\/2019\/03\/protest8-150x150.jpg\" class=\"attachment-thumbnail size-thumbnail\" alt=\"\" \/><\/a>\n\t\t\t<\/div><\/figure>\n\t\t<\/div>\n\n<p>Gra\u0111ani su se zatim uputili u protestnu \u0161etnju i zastali ispred RTS i Skup\u0161tine grada.\u00a0Ve\u010deras su odr\u017eani protesti gra\u0111ana u Despotovcu i \u0106upriji.<\/p>\n","protected":false},"excerpt":{"rendered":"<p>JAGODINA- \u0160esti protest i \u0161etnja gra\u0111ana Jagodine #1od5 miliona odr\u017ean je ve\u010deras. U centru grada gra\u0111anima se obratila potpredsednica Nove stranke dr Mira Petrovi\u0107, a &hellip; <\/p>\n","protected":false},"author":2,"featured_media":16626,"comment_status":"open","ping_status":"open","sticky":false,"template":"","format":"standard","meta":{"footnotes":""},"categories":[14,1524,2,1514,12],"tags":[58,523],"_links":{"self":[{"href":"https:\/\/centralmedia.rs\/index.php\/wp-json\/wp\/v2\/posts\/16625"}],"collection":[{"href":"https:\/\/centralmedia.rs\/index.php\/wp-json\/wp\/v2\/posts"}],"about":[{"href":"https:\/\/centralmedia.rs\/index.php\/wp-json\/wp\/v2\/types\/post"}],"author":[{"embeddable":true,"href":"https:\/\/centralmedia.rs\/index.php\/wp-json\/wp\/v2\/users\/2"}],"replies":[{"embeddable":true,"href":"https:\/\/centralmedia.rs\/index.php\/wp-json\/wp\/v2\/comments?post=16625"}],"version-history":[{"count":1,"href":"https:\/\/centralmedia.rs\/index.php\/wp-json\/wp\/v2\/posts\/16625\/revisions"}],"predecessor-version":[{"id":16635,"href":"https:\/\/centralmedia.rs\/index.php\/wp-json\/wp\/v2\/posts\/16625\/revisions\/16635"}],"wp:featuredmedia":[{"embeddable":true,"href":"https:\/\/centralmedia.rs\/index.php\/wp-json\/wp\/v2\/media\/16626"}],"wp:attachment":[{"href":"https:\/\/centralmedia.rs\/index.php\/wp-json\/wp\/v2\/media?parent=16625"}],"wp:term":[{"taxonomy":"category","embeddable":true,"href":"https:\/\/centralmedia.rs\/index.php\/wp-json\/wp\/v2\/categories?post=16625"},{"taxonomy":"post_tag","embeddable":true,"href":"https:\/\/centralmedia.rs\/index.php\/wp-json\/wp\/v2\/tags?post=16625"}],"curies":[{"name":"wp","href":"https:\/\/api.w.org\/{rel}","templated":true}]}}