{"id":16653,"date":"2019-03-11T23:03:23","date_gmt":"2019-03-11T23:03:23","guid":{"rendered":"http:\/\/centralmedia.rs\/?p=16653"},"modified":"2019-03-11T23:03:23","modified_gmt":"2019-03-11T23:03:23","slug":"pokladni-maskembal-2","status":"publish","type":"post","link":"https:\/\/centralmedia.rs\/index.php\/2019\/03\/11\/pokladni-maskembal-2\/","title":{"rendered":"POKLADNI MASKEMBAL"},"content":{"rendered":"<p>SVILAJNAC- Svi u\u010desnici 11. Pokladnog maskenbala u Svilajncu u\u017eivali su u omiljenoj gradskoj manifestaciji. U Resavskom karaju tradicionalno se obele\u017eava Bela nedelja i o\u017eivljava narodni obi\u010daj kada se pali pokladna vatra i kada se deca i odrasli maskiraju kako bi se oterala zima, do\u010dekalo prole\u0107e i nova rodna godina.<\/p>\n<div id='gallery-1' class='gallery galleryid-16653 gallery-columns-5 gallery-size-thumbnail'><figure class='gallery-item'>\n\t\t\t<div class='gallery-icon landscape'>\n\t\t\t\t<a href='https:\/\/centralmedia.rs\/index.php\/2019\/03\/11\/pokladni-maskembal-2\/poklade-6\/'><img loading=\"lazy\" decoding=\"async\" width=\"150\" height=\"150\" src=\"https:\/\/centralmedia.rs\/wp-content\/uploads\/2019\/03\/poklade-150x150.jpg\" class=\"attachment-thumbnail size-thumbnail\" alt=\"\" \/><\/a>\n\t\t\t<\/div><\/figure><figure class='gallery-item'>\n\t\t\t<div class='gallery-icon landscape'>\n\t\t\t\t<a href='https:\/\/centralmedia.rs\/index.php\/2019\/03\/11\/pokladni-maskembal-2\/poklade1\/'><img loading=\"lazy\" decoding=\"async\" width=\"150\" height=\"150\" src=\"https:\/\/centralmedia.rs\/wp-content\/uploads\/2019\/03\/poklade1-150x150.jpg\" class=\"attachment-thumbnail size-thumbnail\" alt=\"\" \/><\/a>\n\t\t\t<\/div><\/figure><figure class='gallery-item'>\n\t\t\t<div class='gallery-icon landscape'>\n\t\t\t\t<a href='https:\/\/centralmedia.rs\/index.php\/2019\/03\/11\/pokladni-maskembal-2\/poklade2\/'><img loading=\"lazy\" decoding=\"async\" width=\"150\" height=\"150\" src=\"https:\/\/centralmedia.rs\/wp-content\/uploads\/2019\/03\/poklade2-150x150.jpg\" class=\"attachment-thumbnail size-thumbnail\" alt=\"\" \/><\/a>\n\t\t\t<\/div><\/figure><figure class='gallery-item'>\n\t\t\t<div class='gallery-icon landscape'>\n\t\t\t\t<a href='https:\/\/centralmedia.rs\/index.php\/2019\/03\/11\/pokladni-maskembal-2\/poklade3\/'><img loading=\"lazy\" decoding=\"async\" width=\"150\" height=\"150\" src=\"https:\/\/centralmedia.rs\/wp-content\/uploads\/2019\/03\/poklade3-150x150.jpg\" class=\"attachment-thumbnail size-thumbnail\" alt=\"\" \/><\/a>\n\t\t\t<\/div><\/figure><figure class='gallery-item'>\n\t\t\t<div class='gallery-icon landscape'>\n\t\t\t\t<a href='https:\/\/centralmedia.rs\/index.php\/2019\/03\/11\/pokladni-maskembal-2\/poklade4\/'><img loading=\"lazy\" decoding=\"async\" width=\"150\" height=\"150\" src=\"https:\/\/centralmedia.rs\/wp-content\/uploads\/2019\/03\/poklade4-150x150.jpg\" class=\"attachment-thumbnail size-thumbnail\" alt=\"\" \/><\/a>\n\t\t\t<\/div><\/figure>\n\t\t<\/div>\n\n<p>Maskirani mali\u0161ani o\u017eiveli su ulice Svilajnca u\u010destvuju\u0107i u tradicionalnom pokladnom maskenbalu kojim se obele\u017eava Bela nedelja.<\/p>\n<p>U Svilajncu ovaj narodni obi\u010daj sa kojim se do\u010dekuje prole\u0107e prerastao je u pravu gradsku manifestaciju i karneval koji okuplja i ljude iz razli\u010ditih delova Srbije.<\/p>\n<p>&#8211; Bela nedelja je zapravo poslednji dan u nedelji pred veliki uskr\u0161nji post i to je dan kada se ljudi okupljaju, maskiraju, kada se pali velika vatra, a sve sa \u017eeljom da se otera zima, da se oteraju zle prilike, zli duhovi, da se do\u010deka prole\u0107e, dobra energija i rodna godina, ka\u017ee Marina Milutinovi\u0107, organizatorka manifestacije Bela nedelja.<\/p>\n<p>Bele poklade imaju korene u paganskim obi\u010dajima koji su se odr\u017eali i danas, a savremeni na\u010din za proslavljanje dolaska prole\u0107a ve\u0107 se jedanaesti put obele\u017eava u Svilajncu velikim maskenbalom i karnevalom u kojem ipak najvi\u0161e u\u017eivaju mali\u0161ani.<\/p>\n<p>&nbsp;<\/p>\n<p>&nbsp;<\/p>\n","protected":false},"excerpt":{"rendered":"<p>SVILAJNAC- Svi u\u010desnici 11. Pokladnog maskenbala u Svilajncu u\u017eivali su u omiljenoj gradskoj manifestaciji. U Resavskom karaju tradicionalno se obele\u017eava Bela nedelja i o\u017eivljava narodni &hellip; <\/p>\n","protected":false},"author":2,"featured_media":16654,"comment_status":"open","ping_status":"open","sticky":false,"template":"","format":"standard","meta":{"footnotes":""},"categories":[1524,23,1517,3055],"tags":[1691,3555,38],"_links":{"self":[{"href":"https:\/\/centralmedia.rs\/index.php\/wp-json\/wp\/v2\/posts\/16653"}],"collection":[{"href":"https:\/\/centralmedia.rs\/index.php\/wp-json\/wp\/v2\/posts"}],"about":[{"href":"https:\/\/centralmedia.rs\/index.php\/wp-json\/wp\/v2\/types\/post"}],"author":[{"embeddable":true,"href":"https:\/\/centralmedia.rs\/index.php\/wp-json\/wp\/v2\/users\/2"}],"replies":[{"embeddable":true,"href":"https:\/\/centralmedia.rs\/index.php\/wp-json\/wp\/v2\/comments?post=16653"}],"version-history":[{"count":1,"href":"https:\/\/centralmedia.rs\/index.php\/wp-json\/wp\/v2\/posts\/16653\/revisions"}],"predecessor-version":[{"id":16660,"href":"https:\/\/centralmedia.rs\/index.php\/wp-json\/wp\/v2\/posts\/16653\/revisions\/16660"}],"wp:featuredmedia":[{"embeddable":true,"href":"https:\/\/centralmedia.rs\/index.php\/wp-json\/wp\/v2\/media\/16654"}],"wp:attachment":[{"href":"https:\/\/centralmedia.rs\/index.php\/wp-json\/wp\/v2\/media?parent=16653"}],"wp:term":[{"taxonomy":"category","embeddable":true,"href":"https:\/\/centralmedia.rs\/index.php\/wp-json\/wp\/v2\/categories?post=16653"},{"taxonomy":"post_tag","embeddable":true,"href":"https:\/\/centralmedia.rs\/index.php\/wp-json\/wp\/v2\/tags?post=16653"}],"curies":[{"name":"wp","href":"https:\/\/api.w.org\/{rel}","templated":true}]}}