{"id":16661,"date":"2019-03-12T18:14:18","date_gmt":"2019-03-12T18:14:18","guid":{"rendered":"http:\/\/centralmedia.rs\/?p=16661"},"modified":"2019-03-22T19:17:12","modified_gmt":"2019-03-22T19:17:12","slug":"7-regionalni-sajam-obrazovanja-noufest-cuprija-2019","status":"publish","type":"post","link":"https:\/\/centralmedia.rs\/index.php\/2019\/03\/12\/7-regionalni-sajam-obrazovanja-noufest-cuprija-2019\/","title":{"rendered":"7. REGIONALNI SAJAM OBRAZOVANjA \u2013 NOUFEST, \u0106UPRIJA 2019."},"content":{"rendered":"<p>\u0106UPRIJA- Pod sloganom \u201cBudi i ti IT\u201d\u00a0 14. i 15. marta u Hali sportova \u201cADA\u201d u \u0106upriji bi\u0107e odr\u017ean Sedmi Regionalni sajam obrazovanja \u2013 NOUFEST 2019, u organizaciji regionalnog tima podr\u0161ke za nauku, obrazovanje i umetnost, NOU tima.<\/p>\n<p>U skladu sa dobro poznatom tradicijom prvi sajamski dan rezervisan je\u00a0 za predstavljanje fakulteta i visokih \u0161kola, kao i za promociju IT obrazovanja i zanimanja, dok \u0107e drugog dana manifestacije svoju priliku za prezentaciju imati srednje \u0161kole iz regiona i specijalizovane srednje \u0161kole iz cele Srbije.<\/p>\n<p>Zainteresovanim posetiocima bi\u0107e dostupne detaljne informacije koje im mogu pomo\u0107i pri upoznavanju sa programom i na\u010dinom rada \u017eeljenih \u0161kola i fakulteta.\u00a0 Izlaga\u010di na sajmu \u0107e, sa druge strane, imati mogu\u0107nost da ostvare neposredni kontakt sa potencijalnim studentima i njihovim roditeljima.<\/p>\n<p>Prethode\u0107i dono\u0161enju velike i va\u017ene odluke o izboru budu\u0107e profesije i karijere, sajam obrazovanja je odli\u010dno mesto za prikupljanje va\u017enih informacija. Pored toga, dostupnost svih informacija na jednom mestu donosi zna\u010dajnu finansijsku u\u0161tedu za roditelje budu\u0107ih studenata iz Pomoravlja.<\/p>\n<p>U skladu sa temom sajma, na NOUFEST-u \u00a0bi\u0107e odr\u017ean niz zanimljivih predavanja, panel diskusija i radionica koje za fokus imaju oblast ra\u010dunarstva i IT tehnologija.<\/p>\n<p>Prvog dana sajma, 14. marta, od 11 sati kroz svet kompjutera sprove\u0161\u0107e nas Na\u0111a Obradovi\u0107 iz Quantox Technology, od 12 sati o superkompjuterima govori\u0107e prof.dr. Milo\u0161 Ivanovi\u0107 sa Prirodno-matemati\u010dkog fakulteta iz Kragujevca.\u00a0 Od 13 sati mo\u0107i \u0107emo da se upoznamo sa zna\u010dajem obrazovanja i mogu\u0107nostima zapo\u0161ljavanja u IT sektoru, na panel diskusiji \u201eBudi i ti IT\u201c. U\u010desnici na panel diskusiji su Marko Milivojevi\u0107 (Quantox Technology), prof.dr. Milo\u0161 Ivanovi\u0107 (PMF Kragujevac), i Goran Stojkovi\u0107 (Intercom Computers).<\/p>\n<p>Oba dana sajma kontinuirano \u0107e biti odr\u017eavana predavanja i prezentacije Fondacije TEMPUS, kako za u\u010denike, tako i za nastavnike.<\/p>\n<p>Drugog dana sajma, 15. marta, bi\u0107e odr\u017eana predavanja i zanimljive prezentacije od kojih izdvajamo:<\/p>\n<p>11:00 Okrugli sto, sa temom \u201eIntegrisani pristup nastavi\u201c, sa u\u010desnicima: dr Stevan Joki\u0107, INN Vin\u010da; dr Nenad Stevanovi\u0107, FPN Jagodina; Dragan Kuvelji\u0107, O\u0160 \u201eS.Terzi\u0107\u201c Prijepolje;<\/p>\n<p>12:00 \u201eNove tehnologije u obrazovanju\u201c Aleksandar Miti\u0107, Centar za IT\u00a0 Kru\u0161evac<\/p>\n<p>10:00-16:00 \u201ePrimenjena fizika i elektronika\u201c , Matemati\u010dka gimnazija Beograd;<\/p>\n<p>10:00-16:00 \u201eNau\u010di i ti da radi\u0161 sa Arduinom\u201c, Institut za fiziku\u00a0 PMF Kragujevac;<\/p>\n<p>10:00-16:00\u00a0 \u201eLego robotska ruka\u201c , IT centar\u00a0 \u201eClick \u201c Kru\u0161evac;<\/p>\n<p>11:00-14:00 Razgovori sa piscem: Gordana Maleti\u0107, Narodna biblioteka \u201eDu\u0161an Mati\u0107\u201c \u0106uprija.<\/p>\n<p>&nbsp;<\/p>\n<p>Organizator sajma, Regionalni tim podr\u0161ke za nauku, obrazovanje i umetnost &#8211; NOU tim, poru\u010duje u\u010denicima i roditeljima da iskoriste priliku koju im 14. i 15. marta pru\u017ea sajam obrazovanja u \u0106upriji. Sve sajamske aktivnosti na NOUFEST 2019 odr\u017eava\u0107e se u vremenu od 10 do 16 sati.<\/p>\n<p>Ulaz za sve posetioce je slobodan, a za organizovane posete u\u010denika iz Para\u0107ina i Jagodine obezbe\u0111en je besplatan prevoz \u00a0autobusima Eurolina.<\/p>\n","protected":false},"excerpt":{"rendered":"<p>\u0106UPRIJA- Pod sloganom \u201cBudi i ti IT\u201d\u00a0 14. i 15. marta u Hali sportova \u201cADA\u201d u \u0106upriji bi\u0107e odr\u017ean Sedmi Regionalni sajam obrazovanja \u2013 NOUFEST &hellip; <\/p>\n","protected":false},"author":2,"featured_media":16662,"comment_status":"open","ping_status":"open","sticky":false,"template":"","format":"standard","meta":{"footnotes":""},"categories":[1515,14,1524,2,12],"tags":[44,2675],"_links":{"self":[{"href":"https:\/\/centralmedia.rs\/index.php\/wp-json\/wp\/v2\/posts\/16661"}],"collection":[{"href":"https:\/\/centralmedia.rs\/index.php\/wp-json\/wp\/v2\/posts"}],"about":[{"href":"https:\/\/centralmedia.rs\/index.php\/wp-json\/wp\/v2\/types\/post"}],"author":[{"embeddable":true,"href":"https:\/\/centralmedia.rs\/index.php\/wp-json\/wp\/v2\/users\/2"}],"replies":[{"embeddable":true,"href":"https:\/\/centralmedia.rs\/index.php\/wp-json\/wp\/v2\/comments?post=16661"}],"version-history":[{"count":1,"href":"https:\/\/centralmedia.rs\/index.php\/wp-json\/wp\/v2\/posts\/16661\/revisions"}],"predecessor-version":[{"id":16663,"href":"https:\/\/centralmedia.rs\/index.php\/wp-json\/wp\/v2\/posts\/16661\/revisions\/16663"}],"wp:featuredmedia":[{"embeddable":true,"href":"https:\/\/centralmedia.rs\/index.php\/wp-json\/wp\/v2\/media\/16662"}],"wp:attachment":[{"href":"https:\/\/centralmedia.rs\/index.php\/wp-json\/wp\/v2\/media?parent=16661"}],"wp:term":[{"taxonomy":"category","embeddable":true,"href":"https:\/\/centralmedia.rs\/index.php\/wp-json\/wp\/v2\/categories?post=16661"},{"taxonomy":"post_tag","embeddable":true,"href":"https:\/\/centralmedia.rs\/index.php\/wp-json\/wp\/v2\/tags?post=16661"}],"curies":[{"name":"wp","href":"https:\/\/api.w.org\/{rel}","templated":true}]}}