{"id":16664,"date":"2019-03-12T20:42:24","date_gmt":"2019-03-12T20:42:24","guid":{"rendered":"http:\/\/centralmedia.rs\/?p=16664"},"modified":"2019-03-22T19:17:19","modified_gmt":"2019-03-22T19:17:19","slug":"rock-fest-u-paracinu","status":"publish","type":"post","link":"https:\/\/centralmedia.rs\/index.php\/2019\/03\/12\/rock-fest-u-paracinu\/","title":{"rendered":"ROCK FEST U PARA\u0106INU"},"content":{"rendered":"<p>PARA\u0106IN- U organizaciji Op\u0161tine Para\u0107in, Saveta za mlade i Doma omladine Para\u0107in u petak i subotu se odr\u017eava 3. Rock fest u klubu Ex Fontana. Petak \u00a0je rezervisan za dobro poznate cover bendove u na\u0161em gradu, a uvod u prvo festivalsko ve\u010de je rezervisan za dobro poznati para\u0107inski cover rok bend PINZGAUER. Nakon njega, nasupi\u0107e vrhunski \u017eenski vokal Aleksandra iz Zaje\u010dara sa bendom MADICINE. Zavr\u0161nicu prve ve\u010deri smo prepustili ljudima od poverenja za kuvanje atmosfere u sitne sate i na\u0161im dobrim prijateljima iz Bora, bendu NEW DEAL. Njihovi prvi nastupi u Para\u0107inu krenuli su upravo od nas, pa je njihov anga\u017eman na Rock Festu bio logi\u010dan izbor.<br \/>\nZa subotu kao uvod u drugo festivalsko ve\u010de okupili smo staru gardu iz Leskovca, bend DENIS NAPAST, takodje poznat kao kvalitetan cover rock band. Nakon njih, premijerno, prvi put u Para\u0107inu, ugosti\u0107emo beogradski bend ISKAZ, izme\u0111u ostalog, poznat i po saradnji sa poznatim mladim umetnikom iz na\u0161eg grada Mar\u010delom&#8230;<br \/>\nZatvaranje festivala obele\u017ei\u0107e nastup umetnice iz zlatnog doba<br \/>\nEX-YU rok muzike, dobro poznato ime u rok muzici i na\u0161e prijateljice Tanje Jovi\u0107evi\u0107 sa bendom &#8220;Oktobar&#8221;, najpoznatije kao \u010dlanice bendova Oktobar 1864 i EKV. Njoj ovo ne\u0107e biti prvi nastup u na\u0161em klubu, ali je sigurno dobar izbor za ovakvu priliku&#8230;<br \/>\nZbog svega gore navedenog, sigurni smo da \u0107e posetioci festivala u\u017eivati u 2 dana kvalitetnog zvuka.<\/p>\n","protected":false},"excerpt":{"rendered":"<p>PARA\u0106IN- U organizaciji Op\u0161tine Para\u0107in, Saveta za mlade i Doma omladine Para\u0107in u petak i subotu se odr\u017eava 3. Rock fest u klubu Ex Fontana. &hellip; <\/p>\n","protected":false},"author":2,"featured_media":16665,"comment_status":"open","ping_status":"open","sticky":false,"template":"","format":"standard","meta":{"footnotes":""},"categories":[1524,2,15,1516,12],"tags":[156,1776],"_links":{"self":[{"href":"https:\/\/centralmedia.rs\/index.php\/wp-json\/wp\/v2\/posts\/16664"}],"collection":[{"href":"https:\/\/centralmedia.rs\/index.php\/wp-json\/wp\/v2\/posts"}],"about":[{"href":"https:\/\/centralmedia.rs\/index.php\/wp-json\/wp\/v2\/types\/post"}],"author":[{"embeddable":true,"href":"https:\/\/centralmedia.rs\/index.php\/wp-json\/wp\/v2\/users\/2"}],"replies":[{"embeddable":true,"href":"https:\/\/centralmedia.rs\/index.php\/wp-json\/wp\/v2\/comments?post=16664"}],"version-history":[{"count":1,"href":"https:\/\/centralmedia.rs\/index.php\/wp-json\/wp\/v2\/posts\/16664\/revisions"}],"predecessor-version":[{"id":16666,"href":"https:\/\/centralmedia.rs\/index.php\/wp-json\/wp\/v2\/posts\/16664\/revisions\/16666"}],"wp:featuredmedia":[{"embeddable":true,"href":"https:\/\/centralmedia.rs\/index.php\/wp-json\/wp\/v2\/media\/16665"}],"wp:attachment":[{"href":"https:\/\/centralmedia.rs\/index.php\/wp-json\/wp\/v2\/media?parent=16664"}],"wp:term":[{"taxonomy":"category","embeddable":true,"href":"https:\/\/centralmedia.rs\/index.php\/wp-json\/wp\/v2\/categories?post=16664"},{"taxonomy":"post_tag","embeddable":true,"href":"https:\/\/centralmedia.rs\/index.php\/wp-json\/wp\/v2\/tags?post=16664"}],"curies":[{"name":"wp","href":"https:\/\/api.w.org\/{rel}","templated":true}]}}