{"id":16668,"date":"2019-03-14T10:49:05","date_gmt":"2019-03-14T10:49:05","guid":{"rendered":"http:\/\/centralmedia.rs\/?p=16668"},"modified":"2019-03-22T19:17:26","modified_gmt":"2019-03-22T19:17:26","slug":"otvoren-7-noufest-u-cupriji-najveci-sajam-obrazovanja-u-srbiji","status":"publish","type":"post","link":"https:\/\/centralmedia.rs\/index.php\/2019\/03\/14\/otvoren-7-noufest-u-cupriji-najveci-sajam-obrazovanja-u-srbiji\/","title":{"rendered":"OTVOREN 7. NOUFEST U \u0106UPRIJI &#8211; NAJVE\u0106I SAJAM OBRAZOVANJA U SRBIJI"},"content":{"rendered":"<p>\u0106UPRIJA- Dr\u017eavni sekretar Ministarstva prosvete prof dr Marko Milenkovi\u0107 otvorio je danas 7. NOUfest u \u0106upriji, Sajam koji je okupio najve\u0107i broj obrazovnih ustanova u Srbiji, i najavio da \u0107e to ministarstvo nastaviti da ula\u017ee nau\u010dno-istra\u017eiva\u010dke projekta, te da u njihov rad uklju\u010deno 20 ,,povratnika\u201c iz inostranstva.<\/p>\n<div id='gallery-1' class='gallery galleryid-16668 gallery-columns-3 gallery-size-full'><figure class='gallery-item'>\n\t\t\t<div class='gallery-icon landscape'>\n\t\t\t\t<a href='https:\/\/centralmedia.rs\/index.php\/2019\/03\/14\/otvoren-7-noufest-u-cupriji-najveci-sajam-obrazovanja-u-srbiji\/20190314_101814\/'><img loading=\"lazy\" decoding=\"async\" width=\"4032\" height=\"1960\" src=\"https:\/\/centralmedia.rs\/wp-content\/uploads\/2019\/03\/20190314_101814.jpg\" class=\"attachment-full size-full\" alt=\"\" srcset=\"https:\/\/centralmedia.rs\/wp-content\/uploads\/2019\/03\/20190314_101814.jpg 4032w, https:\/\/centralmedia.rs\/wp-content\/uploads\/2019\/03\/20190314_101814-300x146.jpg 300w, https:\/\/centralmedia.rs\/wp-content\/uploads\/2019\/03\/20190314_101814-768x373.jpg 768w, https:\/\/centralmedia.rs\/wp-content\/uploads\/2019\/03\/20190314_101814-1024x498.jpg 1024w, https:\/\/centralmedia.rs\/wp-content\/uploads\/2019\/03\/20190314_101814-864x420.jpg 864w, https:\/\/centralmedia.rs\/wp-content\/uploads\/2019\/03\/20190314_101814-640x311.jpg 640w, https:\/\/centralmedia.rs\/wp-content\/uploads\/2019\/03\/20190314_101814-681x331.jpg 681w\" sizes=\"(max-width: 4032px) 100vw, 4032px\" \/><\/a>\n\t\t\t<\/div><\/figure><figure class='gallery-item'>\n\t\t\t<div class='gallery-icon landscape'>\n\t\t\t\t<a href='https:\/\/centralmedia.rs\/index.php\/2019\/03\/14\/otvoren-7-noufest-u-cupriji-najveci-sajam-obrazovanja-u-srbiji\/20190314_103000\/'><img loading=\"lazy\" decoding=\"async\" width=\"4032\" height=\"1960\" src=\"https:\/\/centralmedia.rs\/wp-content\/uploads\/2019\/03\/20190314_103000.jpg\" class=\"attachment-full size-full\" alt=\"\" srcset=\"https:\/\/centralmedia.rs\/wp-content\/uploads\/2019\/03\/20190314_103000.jpg 4032w, https:\/\/centralmedia.rs\/wp-content\/uploads\/2019\/03\/20190314_103000-300x146.jpg 300w, https:\/\/centralmedia.rs\/wp-content\/uploads\/2019\/03\/20190314_103000-768x373.jpg 768w, https:\/\/centralmedia.rs\/wp-content\/uploads\/2019\/03\/20190314_103000-1024x498.jpg 1024w, https:\/\/centralmedia.rs\/wp-content\/uploads\/2019\/03\/20190314_103000-864x420.jpg 864w, https:\/\/centralmedia.rs\/wp-content\/uploads\/2019\/03\/20190314_103000-640x311.jpg 640w, https:\/\/centralmedia.rs\/wp-content\/uploads\/2019\/03\/20190314_103000-681x331.jpg 681w\" sizes=\"(max-width: 4032px) 100vw, 4032px\" \/><\/a>\n\t\t\t<\/div><\/figure><figure class='gallery-item'>\n\t\t\t<div class='gallery-icon landscape'>\n\t\t\t\t<a href='https:\/\/centralmedia.rs\/index.php\/2019\/03\/14\/otvoren-7-noufest-u-cupriji-najveci-sajam-obrazovanja-u-srbiji\/20190314_103138\/'><img loading=\"lazy\" decoding=\"async\" width=\"4032\" height=\"1960\" src=\"https:\/\/centralmedia.rs\/wp-content\/uploads\/2019\/03\/20190314_103138.jpg\" class=\"attachment-full size-full\" alt=\"\" srcset=\"https:\/\/centralmedia.rs\/wp-content\/uploads\/2019\/03\/20190314_103138.jpg 4032w, https:\/\/centralmedia.rs\/wp-content\/uploads\/2019\/03\/20190314_103138-300x146.jpg 300w, https:\/\/centralmedia.rs\/wp-content\/uploads\/2019\/03\/20190314_103138-768x373.jpg 768w, https:\/\/centralmedia.rs\/wp-content\/uploads\/2019\/03\/20190314_103138-1024x498.jpg 1024w, https:\/\/centralmedia.rs\/wp-content\/uploads\/2019\/03\/20190314_103138-864x420.jpg 864w, https:\/\/centralmedia.rs\/wp-content\/uploads\/2019\/03\/20190314_103138-640x311.jpg 640w, https:\/\/centralmedia.rs\/wp-content\/uploads\/2019\/03\/20190314_103138-681x331.jpg 681w\" sizes=\"(max-width: 4032px) 100vw, 4032px\" \/><\/a>\n\t\t\t<\/div><\/figure>\n\t\t<\/div>\n\n<p>-Nastavljamo sa Strategijom visokog obrazovanja pre svega mislim na ljude iz dijaspore i o\u010dekuje se njihov ve\u0107i povratak. Istovremene smo opredelili zna\u010dajna sredstva za finansiranje nau\u010dno-istra\u017eiva\u010dkih radova , rekao je prof dr Milenkovi\u0107.<\/p>\n<p>Predsednik op\u0161tine\u00a0 \u0106uprija Ninoslav Eri\u0107 je najavio dalji rad na projektu Centra za mlade talente.<\/p>\n<p>-Imamo apsolutnu podr\u0161ku Vlade Srbije i Ministarstva prosvete. To \u0107emo raditi u narednom periodu i to nisu laki koraci. Regionalni sajam u \u0106upriji je najbolji ove godine jer je okupio 43 fakulteta i najve\u0107i je u Srbiji, istakao je Eri\u0107.<\/p>\n<p>U dva dana na NOUfestu predstavi\u0107e se preko 80 u\u010desnika, a o\u010dekujem se da Sajam poseti oko 5.000 u\u010denika.<\/p>\n","protected":false},"excerpt":{"rendered":"<p>\u0106UPRIJA- Dr\u017eavni sekretar Ministarstva prosvete prof dr Marko Milenkovi\u0107 otvorio je danas 7. NOUfest u \u0106upriji, Sajam koji je okupio najve\u0107i broj obrazovnih ustanova u &hellip; <\/p>\n","protected":false},"author":2,"featured_media":16669,"comment_status":"open","ping_status":"open","sticky":false,"template":"","format":"standard","meta":{"footnotes":""},"categories":[1515,14,1524,2,12],"tags":[44,2675],"_links":{"self":[{"href":"https:\/\/centralmedia.rs\/index.php\/wp-json\/wp\/v2\/posts\/16668"}],"collection":[{"href":"https:\/\/centralmedia.rs\/index.php\/wp-json\/wp\/v2\/posts"}],"about":[{"href":"https:\/\/centralmedia.rs\/index.php\/wp-json\/wp\/v2\/types\/post"}],"author":[{"embeddable":true,"href":"https:\/\/centralmedia.rs\/index.php\/wp-json\/wp\/v2\/users\/2"}],"replies":[{"embeddable":true,"href":"https:\/\/centralmedia.rs\/index.php\/wp-json\/wp\/v2\/comments?post=16668"}],"version-history":[{"count":2,"href":"https:\/\/centralmedia.rs\/index.php\/wp-json\/wp\/v2\/posts\/16668\/revisions"}],"predecessor-version":[{"id":16674,"href":"https:\/\/centralmedia.rs\/index.php\/wp-json\/wp\/v2\/posts\/16668\/revisions\/16674"}],"wp:featuredmedia":[{"embeddable":true,"href":"https:\/\/centralmedia.rs\/index.php\/wp-json\/wp\/v2\/media\/16669"}],"wp:attachment":[{"href":"https:\/\/centralmedia.rs\/index.php\/wp-json\/wp\/v2\/media?parent=16668"}],"wp:term":[{"taxonomy":"category","embeddable":true,"href":"https:\/\/centralmedia.rs\/index.php\/wp-json\/wp\/v2\/categories?post=16668"},{"taxonomy":"post_tag","embeddable":true,"href":"https:\/\/centralmedia.rs\/index.php\/wp-json\/wp\/v2\/tags?post=16668"}],"curies":[{"name":"wp","href":"https:\/\/api.w.org\/{rel}","templated":true}]}}