{"id":16675,"date":"2019-03-15T12:32:40","date_gmt":"2019-03-15T12:32:40","guid":{"rendered":"http:\/\/centralmedia.rs\/?p=16675"},"modified":"2019-03-22T19:17:51","modified_gmt":"2019-03-22T19:17:51","slug":"palma-porucio-bugarskim-socijalistima-upoznati-evropski-parlament-sa-istinom-o-kosovu-i-metohiji","status":"publish","type":"post","link":"https:\/\/centralmedia.rs\/index.php\/2019\/03\/15\/palma-porucio-bugarskim-socijalistima-upoznati-evropski-parlament-sa-istinom-o-kosovu-i-metohiji\/","title":{"rendered":"PALMA PORU\u010cIO BUGARSKIM SOCIJALISTIMA: UPOZNATI EVROPSKI PARLAMENT SA ISTINOM O KOSOVU I METOHIJI"},"content":{"rendered":"<p style=\"font-weight: 400;\">Danas je u sedi\u0161tu Bugarske socijalisti\u010dke partije u Sofiji odr\u017ean sastanak delegacija Jedinstvene Srbije, na \u010delu sa sa njenim predsednikom i narodnim poslanikom Draganom Markovi\u0107em Palmom i Bugarske socijalisti\u010dke partije koju je predstavljao zamenik predsednika te partije i potpredsednik Narodne Skup\u0161tine Republike Bugarske Valeri Jablianov.<\/p>\n<p><img loading=\"lazy\" decoding=\"async\" class=\"alignnone wp-image-16678 size-large\" src=\"http:\/\/centralmedia.rs\/wp-content\/uploads\/2019\/03\/IMG-20190315-WA0000-964x1024.jpg\" alt=\"\" width=\"640\" height=\"680\" srcset=\"https:\/\/centralmedia.rs\/wp-content\/uploads\/2019\/03\/IMG-20190315-WA0000-964x1024.jpg 964w, https:\/\/centralmedia.rs\/wp-content\/uploads\/2019\/03\/IMG-20190315-WA0000-282x300.jpg 282w, https:\/\/centralmedia.rs\/wp-content\/uploads\/2019\/03\/IMG-20190315-WA0000-768x816.jpg 768w, https:\/\/centralmedia.rs\/wp-content\/uploads\/2019\/03\/IMG-20190315-WA0000-395x420.jpg 395w, https:\/\/centralmedia.rs\/wp-content\/uploads\/2019\/03\/IMG-20190315-WA0000-640x680.jpg 640w, https:\/\/centralmedia.rs\/wp-content\/uploads\/2019\/03\/IMG-20190315-WA0000-681x723.jpg 681w, https:\/\/centralmedia.rs\/wp-content\/uploads\/2019\/03\/IMG-20190315-WA0000.jpg 1028w\" sizes=\"(max-width: 640px) 100vw, 640px\" \/><\/p>\n<p style=\"font-weight: 400;\">Tom prilikom Markovi\u0107 je istakao da su odnosi dve bratske dr\u017eave dobri, te da predsednik Srbije Aleksandar Vu\u010di\u0107 i premijer Bugarske Bojko Borisov dobro sara\u0111uju. \u201cJedinstvena Srbija se ne me\u0161a u unutra\u0161nju politiku Bugarske, \u017eeli dobru saradnju sa svim politi\u010dkim partijama ne samo u Bugarskoj, ve\u0107 i u celoj Evropi i svetu i susret dve partije rezultat je obostrane \u017eelje da bli\u017ee sara\u0111uju. Bugarska socijalisti\u010dka partija ima predstavnike u Evropskom parlamentu i ja vas molim da va\u0161i poslanici u toj evropskoj instituciji podignu glas o nepravdi koja se sprovodi nad Srbijom. Srbija i problem Kosova i Metohije \u010desto su na dnevnom redu Evropskog parlamenta. Srbija je ispunila sve svoje me\u0111unarodne obaveze, a Albanci sa Kosova ne sprovode ni jednu ta\u010dku Briselskog sporazuma, kr\u0161e CEFTA sporazum i uvode sulude takse od 100%, kr\u0161e Sporazum o stabilizaciji i pridru\u017eivanju. Po kom to me\u0111unarodno &#8211; pravnom aktu Kosovo ukida granice sa Republikom Albanijom i formira vojsku takozvanog Kosova?&#8221; upitao je Markovi\u0107, koji je istakao da \u017eeli da u direktnim razgovorima sa predstavnicima partija koje su \u010dlanice Evropskog parlamenta iznese istinu i pravo stanje stvari na terenu.\u201dNakon \u0161to je ameri\u010dki Stejt department u godi\u0161njem izve\u0161taju istakao da neprekidno traju napadi na Srbe i Srpsku pravoslavnu crkvu na Kosovu i Metohiji i da kosovske vlasti onemagu\u0107avaju povratak raseljenih, o\u010dekujem da se sli\u010dan izve\u0161taj na\u0111e i u Evropskom parlamentu\u201d rekao je Markovi\u0107.<\/p>\n<p style=\"font-weight: 400;\">&#8220;Najva\u017eniji ekonomski projekat na\u0161e dve dr\u017eave je gasovod \u201cJu\u017eni tok\u201d, koji \u0107e na\u0161e dve zemlje i region u\u010diniti energetski stabilnim i tranzit gasa preko Bugarske i Srbije done\u0107e veliku ekonomsku korist na\u0161im dr\u017eavama&#8221; istakao je Markovi\u0107.<\/p>\n<p style=\"font-weight: 400;\">Predsednik Jedinstvene Srbije je pohvalio Bugarsku socijalisti\u010dku partiju, koja je najve\u0107a opoziciona partija u Bugarskoj, za njen konstruktivan pristup na politi\u010dkoj sceni Bugarske. &#8220;Za razliku od opozicije u Srbiji koja neargumentovano kritikuje sve u Srbiji, vi podr\u017eavate i \u010dak pokre\u0107ete brojne projekte i zakone koji su od dr\u017eavnog interesa. To je primer ispravnog opozicionog nastupa.&#8221;, rekao je Markovi\u0107.<\/p>\n<p style=\"font-weight: 400;\">Predsednik Jedinstvene Srbije je pozvao delegaciju Bugarske socijalisti\u010dke partije da poseti Srbiju i da se tom prilikom potpi\u0161e sporazum o saradnji dveju partija.<\/p>\n<p style=\"font-weight: 400;\">JABLIANOV : SRBIJA JE PO EKONOMSKIM, KULTURNIM I ADMINISTRATIVNIM KRITERIJUMIMA SPREMNA ZA \u010cLANSTVO U EVROPSKOJ UNIJI<\/p>\n<p style=\"font-weight: 400;\">Zamenik predsednika Bugarske socijalisti\u010dke partije i potpredsednik Narodne Skup\u0161tine Republike Bugarske Valeri Jablianov, po\u017eelev\u0161i dobrodo\u0161licu visokoj delegaciji iz Srbije, istakao je da je Srbija po svim kriterijumima spremna za \u010dlanstvo u Evropskoj uniji, ali da se pred nju stavljaju antinacionalni i antidr\u017eavni uslovi.<\/p>\n<p style=\"font-weight: 400;\">&#8221; Srbija je po ekonomskim, kulturnim i administrativnim kriterijumima spremna za \u010dlanstvo u Evropskoj uniji, ali se pred nju stavljaju antinacionalni i antidr\u017eavni uslovi. Re\u010d je sada o politi\u010dkom procesu u kome Srbija treba da izna\u0111e pravi put&#8221; istakao je Jablianov.<\/p>\n<p style=\"font-weight: 400;\">\u201cBugarska socijalisti\u010dka partija se oduvek zalagala za najbolje mogu\u0107e odnose dve bratske dr\u017eave, podr\u017eava evropski put Srbije, protivila se bombardovanju Srbije, organizovala demonstracije protiv bombardovanja i svesna je va\u017enosti nacionalnog pitanja na Balkanu\u201d rekao je Jablianov.<\/p>\n<p style=\"font-weight: 400;\">Jablianov je sa zadovoljstvom prihvatio poziv predsednika Jedinstvene Srbije i narodnog poslanika Dragana Markovi\u0107a Palme da delegacija Bugarske socijalisti\u010dke partije poseti Srbiju. Doma\u0107ine, Bugarsku socijalisti\u010dku partiju pored Jablianova predstavljali su i Stanislav Vladimirov, narodni poslanik i predsednik parlamentarne grupe bugarsko &#8211; srpskog prijateljstva i Vasil Stanimirov predsednik op\u0161tine Kova\u010devci sa kojom grad Jagodina ima izuzetno dobre odnose.<\/p>\n<p style=\"font-weight: 400;\">\n","protected":false},"excerpt":{"rendered":"<p>Danas je u sedi\u0161tu Bugarske socijalisti\u010dke partije u Sofiji odr\u017ean sastanak delegacija Jedinstvene Srbije, na \u010delu sa sa njenim predsednikom i narodnim poslanikom Draganom Markovi\u0107em &hellip; <\/p>\n","protected":false},"author":2,"featured_media":16676,"comment_status":"open","ping_status":"open","sticky":false,"template":"","format":"standard","meta":{"footnotes":""},"categories":[1524,2,1514,13,12],"tags":[2004,3557,120,3556],"_links":{"self":[{"href":"https:\/\/centralmedia.rs\/index.php\/wp-json\/wp\/v2\/posts\/16675"}],"collection":[{"href":"https:\/\/centralmedia.rs\/index.php\/wp-json\/wp\/v2\/posts"}],"about":[{"href":"https:\/\/centralmedia.rs\/index.php\/wp-json\/wp\/v2\/types\/post"}],"author":[{"embeddable":true,"href":"https:\/\/centralmedia.rs\/index.php\/wp-json\/wp\/v2\/users\/2"}],"replies":[{"embeddable":true,"href":"https:\/\/centralmedia.rs\/index.php\/wp-json\/wp\/v2\/comments?post=16675"}],"version-history":[{"count":2,"href":"https:\/\/centralmedia.rs\/index.php\/wp-json\/wp\/v2\/posts\/16675\/revisions"}],"predecessor-version":[{"id":16679,"href":"https:\/\/centralmedia.rs\/index.php\/wp-json\/wp\/v2\/posts\/16675\/revisions\/16679"}],"wp:featuredmedia":[{"embeddable":true,"href":"https:\/\/centralmedia.rs\/index.php\/wp-json\/wp\/v2\/media\/16676"}],"wp:attachment":[{"href":"https:\/\/centralmedia.rs\/index.php\/wp-json\/wp\/v2\/media?parent=16675"}],"wp:term":[{"taxonomy":"category","embeddable":true,"href":"https:\/\/centralmedia.rs\/index.php\/wp-json\/wp\/v2\/categories?post=16675"},{"taxonomy":"post_tag","embeddable":true,"href":"https:\/\/centralmedia.rs\/index.php\/wp-json\/wp\/v2\/tags?post=16675"}],"curies":[{"name":"wp","href":"https:\/\/api.w.org\/{rel}","templated":true}]}}