{"id":1668,"date":"2015-12-26T12:43:06","date_gmt":"2015-12-26T12:43:06","guid":{"rendered":"http:\/\/centralmedia.rs\/?p=1668"},"modified":"2015-12-26T15:06:53","modified_gmt":"2015-12-26T15:06:53","slug":"kirbi-nam-je-otvorio-misli-usi-i-oci","status":"publish","type":"post","link":"https:\/\/centralmedia.rs\/index.php\/2015\/12\/26\/kirbi-nam-je-otvorio-misli-usi-i-oci\/","title":{"rendered":"KIRBI NAM JE OTVORIO MISLI, U\u0160I I O\u010cI"},"content":{"rendered":"<p>KOALICIJA RASELJENIH SA KOSMETA<\/p>\n<p> JAGODINA-Predsednik Koalicije raseljenih sa Kosova i Metohije Milo\u0161 Stojkovi\u0107 izjavio je u Jagodini da je ameri\u010dki ambasador Majkl Kirbi svojom izjavom o potebi priznanja Kosova u UN od strane Srbije otvorio misli, o\u010di i u\u0161i Srpskom narodu.<br \/>\n\t-Raseljena lica i progani poru\u010duju da je Kosmet sastavni deo Srbije. Kirbi treba da se zabavi \u010dinjenicom da 15 godina ne mo\u017eemo na svoja vekovna ognji\u0161ta , a ne da proklamuje Albanske ekstremiste i teroriste , kao i tzv Kosovo. Duboko verujem da je politi\u010dka kriza me\u0111u Albanskim politi\u010darima na Kosmetu fingirana ba\u0161 da bi usporili formiranje SZO i ispo\u0161tovali ono \u0161to su se obavezali u Briselu, rekao je Stojkovi\u0107.<br \/>\nOn je ponovio da ta koalicija po\u0161tuje SAD kao svetsku silu i kao zemlju koja ima mo\u0107 u \u017eivotu \u010dove\u010danstva, ali i da je nemogu\u0107e priznanje Kosova u UN ,,zato \u0161to Srbija, nikada  ne sme, ne\u0107e i  ne mo\u017ee priznati takozvanu kvazi dr\u017eavu nezavisno Kosovo\u201c.<br \/>\n-Briselski sporazum jasno re\u0161ava polo\u017eaj Srba, tako je status srpske zajednice neutralan. Insistiramo u ime Kolicije raseljenih ica i apelujemo na me\u0111unadrodnu zajednicu i Vladu Srbije da istrajemo svi zajedno u borbi za po\u0161tovanje onoga \u0161to je potpisano u Briselu, u borbi za \u0161to br\u017ee formiranje ZSO. Nismo dogovarali Briselski sprozum sa institucijama u Pri\u0161tini, niti sa gospodinom Krbijem, ve\u0107 je Vlada Srbije to  dogovarala pod patronatom EU, istakao je Stojkovi\u0107.<br \/>\nOn je poru\u010dio Kirbiju da pozove Albance na po\u0161tovanje Briselskog sporazuma,  da insistira na \u0161to skorijem formiranju SZO.<\/p>\n","protected":false},"excerpt":{"rendered":"<p>KOALICIJA RASELJENIH SA KOSMETA JAGODINA-Predsednik Koalicije raseljenih sa Kosova i Metohije Milo\u0161 Stojkovi\u0107 izjavio je u Jagodini da je ameri\u010dki ambasador Majkl Kirbi svojom izjavom &hellip; <\/p>\n","protected":false},"author":4,"featured_media":1358,"comment_status":"open","ping_status":"open","sticky":false,"template":"","format":"standard","meta":{"footnotes":""},"categories":[2,13,12],"tags":[401,399,400,181],"_links":{"self":[{"href":"https:\/\/centralmedia.rs\/index.php\/wp-json\/wp\/v2\/posts\/1668"}],"collection":[{"href":"https:\/\/centralmedia.rs\/index.php\/wp-json\/wp\/v2\/posts"}],"about":[{"href":"https:\/\/centralmedia.rs\/index.php\/wp-json\/wp\/v2\/types\/post"}],"author":[{"embeddable":true,"href":"https:\/\/centralmedia.rs\/index.php\/wp-json\/wp\/v2\/users\/4"}],"replies":[{"embeddable":true,"href":"https:\/\/centralmedia.rs\/index.php\/wp-json\/wp\/v2\/comments?post=1668"}],"version-history":[{"count":0,"href":"https:\/\/centralmedia.rs\/index.php\/wp-json\/wp\/v2\/posts\/1668\/revisions"}],"wp:featuredmedia":[{"embeddable":true,"href":"https:\/\/centralmedia.rs\/index.php\/wp-json\/wp\/v2\/media\/1358"}],"wp:attachment":[{"href":"https:\/\/centralmedia.rs\/index.php\/wp-json\/wp\/v2\/media?parent=1668"}],"wp:term":[{"taxonomy":"category","embeddable":true,"href":"https:\/\/centralmedia.rs\/index.php\/wp-json\/wp\/v2\/categories?post=1668"},{"taxonomy":"post_tag","embeddable":true,"href":"https:\/\/centralmedia.rs\/index.php\/wp-json\/wp\/v2\/tags?post=1668"}],"curies":[{"name":"wp","href":"https:\/\/api.w.org\/{rel}","templated":true}]}}