{"id":16691,"date":"2019-03-15T20:21:15","date_gmt":"2019-03-15T20:21:15","guid":{"rendered":"http:\/\/centralmedia.rs\/?p=16691"},"modified":"2019-03-22T19:18:31","modified_gmt":"2019-03-22T19:18:31","slug":"protest-gradana-paracina","status":"publish","type":"post","link":"https:\/\/centralmedia.rs\/index.php\/2019\/03\/15\/protest-gradana-paracina\/","title":{"rendered":"PROTEST GRA\u0110ANA PARA\u0106INA"},"content":{"rendered":"<p>PARA\u0106IN- Gra\u0111ani Para\u0107ina ve\u010deras su se u centru grada okupili na 4. protestu #1od5miliona i organozovali protestnu \u0161etnju. Njima se obratila Dragana Raki\u0107 iz Vr\u0161ca, ispred Asociajcije slobodnih odbornika. Ona je ponovila zahteve gra\u0111ana koji protestuju u gradovima u Srbiji i pozvala okupljene da 13. aprila budu deo velikog protesta u Beogradu.<\/p>\n<p>&#8211; Da tra\u017eimo ostavu, onu jedinu, najva\u017eniju ostavku, zna se po \u010diju \u0107emo ostavku oti\u0107i 13. aprila. Mi ve\u0107 imamo pobedu, ove nedelje su ostavke podneli Jutka iz Brusa i Simonovi\u0107 iz Grocke, ali to nije dovoljno. \u017delimo slobodu, \u017eelimo pravdu, \u017eelimo zakone ove zemlje. Jednog dana, kada se ponovo ustoli\u010di zakon i zakonitost u ovoj zemlji, bi\u0107e ka\u017enjeni svi otima\u010di na\u0161e slobode, na\u0161e sada\u0161njosti i budu\u0107nosti, kazala je Dargana Raki\u0107.<\/p>\n<div id='gallery-1' class='gallery galleryid-16691 gallery-columns-7 gallery-size-thumbnail'><figure class='gallery-item'>\n\t\t\t<div class='gallery-icon landscape'>\n\t\t\t\t<a href='https:\/\/centralmedia.rs\/index.php\/2019\/03\/15\/protest-gradana-paracina\/protest-12\/'><img loading=\"lazy\" decoding=\"async\" width=\"150\" height=\"150\" src=\"https:\/\/centralmedia.rs\/wp-content\/uploads\/2019\/03\/protest-7-150x150.jpg\" class=\"attachment-thumbnail size-thumbnail\" alt=\"\" \/><\/a>\n\t\t\t<\/div><\/figure><figure class='gallery-item'>\n\t\t\t<div class='gallery-icon landscape'>\n\t\t\t\t<a href='https:\/\/centralmedia.rs\/index.php\/2019\/03\/15\/protest-gradana-paracina\/protest1-2\/'><img loading=\"lazy\" decoding=\"async\" width=\"150\" height=\"150\" src=\"https:\/\/centralmedia.rs\/wp-content\/uploads\/2019\/03\/protest1-1-150x150.jpg\" class=\"attachment-thumbnail size-thumbnail\" alt=\"\" \/><\/a>\n\t\t\t<\/div><\/figure><figure class='gallery-item'>\n\t\t\t<div class='gallery-icon landscape'>\n\t\t\t\t<a href='https:\/\/centralmedia.rs\/index.php\/2019\/03\/15\/protest-gradana-paracina\/protest2-2\/'><img loading=\"lazy\" decoding=\"async\" width=\"150\" height=\"150\" src=\"https:\/\/centralmedia.rs\/wp-content\/uploads\/2019\/03\/protest2-1-150x150.jpg\" class=\"attachment-thumbnail size-thumbnail\" alt=\"\" \/><\/a>\n\t\t\t<\/div><\/figure><figure class='gallery-item'>\n\t\t\t<div class='gallery-icon landscape'>\n\t\t\t\t<a href='https:\/\/centralmedia.rs\/index.php\/2019\/03\/15\/protest-gradana-paracina\/protest3-2\/'><img loading=\"lazy\" decoding=\"async\" width=\"150\" height=\"150\" src=\"https:\/\/centralmedia.rs\/wp-content\/uploads\/2019\/03\/protest3-1-150x150.jpg\" class=\"attachment-thumbnail size-thumbnail\" alt=\"\" \/><\/a>\n\t\t\t<\/div><\/figure><figure class='gallery-item'>\n\t\t\t<div class='gallery-icon landscape'>\n\t\t\t\t<a href='https:\/\/centralmedia.rs\/index.php\/2019\/03\/15\/protest-gradana-paracina\/protest4-2\/'><img loading=\"lazy\" decoding=\"async\" width=\"150\" height=\"150\" src=\"https:\/\/centralmedia.rs\/wp-content\/uploads\/2019\/03\/protest4-1-150x150.jpg\" class=\"attachment-thumbnail size-thumbnail\" alt=\"\" \/><\/a>\n\t\t\t<\/div><\/figure><figure class='gallery-item'>\n\t\t\t<div class='gallery-icon portrait'>\n\t\t\t\t<a href='https:\/\/centralmedia.rs\/index.php\/2019\/03\/15\/protest-gradana-paracina\/protest5-2\/'><img loading=\"lazy\" decoding=\"async\" width=\"150\" height=\"150\" src=\"https:\/\/centralmedia.rs\/wp-content\/uploads\/2019\/03\/protest5-1-150x150.jpg\" class=\"attachment-thumbnail size-thumbnail\" alt=\"\" \/><\/a>\n\t\t\t<\/div><\/figure><figure class='gallery-item'>\n\t\t\t<div class='gallery-icon landscape'>\n\t\t\t\t<a href='https:\/\/centralmedia.rs\/index.php\/2019\/03\/15\/protest-gradana-paracina\/protest6-2\/'><img loading=\"lazy\" decoding=\"async\" width=\"150\" height=\"150\" src=\"https:\/\/centralmedia.rs\/wp-content\/uploads\/2019\/03\/protest6-1-150x150.jpg\" class=\"attachment-thumbnail size-thumbnail\" alt=\"\" \/><\/a>\n\t\t\t<\/div><\/figure>\n\t\t<\/div>\n\n","protected":false},"excerpt":{"rendered":"<p>PARA\u0106IN- Gra\u0111ani Para\u0107ina ve\u010deras su se u centru grada okupili na 4. protestu #1od5miliona i organozovali protestnu \u0161etnju. Njima se obratila Dragana Raki\u0107 iz Vr\u0161ca, &hellip; <\/p>\n","protected":false},"author":2,"featured_media":16692,"comment_status":"open","ping_status":"open","sticky":false,"template":"","format":"standard","meta":{"footnotes":""},"categories":[1524,2,1516,13,12],"tags":[3139,156,523],"_links":{"self":[{"href":"https:\/\/centralmedia.rs\/index.php\/wp-json\/wp\/v2\/posts\/16691"}],"collection":[{"href":"https:\/\/centralmedia.rs\/index.php\/wp-json\/wp\/v2\/posts"}],"about":[{"href":"https:\/\/centralmedia.rs\/index.php\/wp-json\/wp\/v2\/types\/post"}],"author":[{"embeddable":true,"href":"https:\/\/centralmedia.rs\/index.php\/wp-json\/wp\/v2\/users\/2"}],"replies":[{"embeddable":true,"href":"https:\/\/centralmedia.rs\/index.php\/wp-json\/wp\/v2\/comments?post=16691"}],"version-history":[{"count":1,"href":"https:\/\/centralmedia.rs\/index.php\/wp-json\/wp\/v2\/posts\/16691\/revisions"}],"predecessor-version":[{"id":16700,"href":"https:\/\/centralmedia.rs\/index.php\/wp-json\/wp\/v2\/posts\/16691\/revisions\/16700"}],"wp:featuredmedia":[{"embeddable":true,"href":"https:\/\/centralmedia.rs\/index.php\/wp-json\/wp\/v2\/media\/16692"}],"wp:attachment":[{"href":"https:\/\/centralmedia.rs\/index.php\/wp-json\/wp\/v2\/media?parent=16691"}],"wp:term":[{"taxonomy":"category","embeddable":true,"href":"https:\/\/centralmedia.rs\/index.php\/wp-json\/wp\/v2\/categories?post=16691"},{"taxonomy":"post_tag","embeddable":true,"href":"https:\/\/centralmedia.rs\/index.php\/wp-json\/wp\/v2\/tags?post=16691"}],"curies":[{"name":"wp","href":"https:\/\/api.w.org\/{rel}","templated":true}]}}