{"id":16702,"date":"2019-03-15T20:44:10","date_gmt":"2019-03-15T20:44:10","guid":{"rendered":"http:\/\/centralmedia.rs\/?p=16702"},"modified":"2019-03-22T19:18:52","modified_gmt":"2019-03-22T19:18:52","slug":"cuprija-grad-obrazovanja-rekordan-broj-posetilaca","status":"publish","type":"post","link":"https:\/\/centralmedia.rs\/index.php\/2019\/03\/15\/cuprija-grad-obrazovanja-rekordan-broj-posetilaca\/","title":{"rendered":"\u0106UPRIJA GRAD OBRAZOVANJA &#8211; REKORDAN BROJ POSETILACA"},"content":{"rendered":"<p>\u0106UPRIJA- Ovogodi\u0161nji sajam obrazovanja 7. Noufest u \u0106upriji posetilo je preko 5.000 budu\u0107ih u\u010denika srednjih \u0161kola i fakulteta, \u0161to je duplo vi\u0161e nego proteklih godina, \u00a0izjavio je \u010dlan Noutima Zoran Arsi\u0107.<\/p>\n<div id='gallery-1' class='gallery galleryid-16702 gallery-columns-3 gallery-size-full'><figure class='gallery-item'>\n\t\t\t<div class='gallery-icon landscape'>\n\t\t\t\t<a href='https:\/\/centralmedia.rs\/index.php\/2019\/03\/15\/cuprija-grad-obrazovanja-rekordan-broj-posetilaca\/noufest1\/'><img loading=\"lazy\" decoding=\"async\" width=\"1280\" height=\"622\" src=\"https:\/\/centralmedia.rs\/wp-content\/uploads\/2019\/03\/noufest1.jpg\" class=\"attachment-full size-full\" alt=\"\" srcset=\"https:\/\/centralmedia.rs\/wp-content\/uploads\/2019\/03\/noufest1.jpg 1280w, https:\/\/centralmedia.rs\/wp-content\/uploads\/2019\/03\/noufest1-300x146.jpg 300w, https:\/\/centralmedia.rs\/wp-content\/uploads\/2019\/03\/noufest1-768x373.jpg 768w, https:\/\/centralmedia.rs\/wp-content\/uploads\/2019\/03\/noufest1-1024x498.jpg 1024w, https:\/\/centralmedia.rs\/wp-content\/uploads\/2019\/03\/noufest1-864x420.jpg 864w, https:\/\/centralmedia.rs\/wp-content\/uploads\/2019\/03\/noufest1-640x311.jpg 640w, https:\/\/centralmedia.rs\/wp-content\/uploads\/2019\/03\/noufest1-681x331.jpg 681w\" sizes=\"(max-width: 1280px) 100vw, 1280px\" \/><\/a>\n\t\t\t<\/div><\/figure><figure class='gallery-item'>\n\t\t\t<div class='gallery-icon landscape'>\n\t\t\t\t<a href='https:\/\/centralmedia.rs\/index.php\/2019\/03\/15\/cuprija-grad-obrazovanja-rekordan-broj-posetilaca\/noufest2\/'><img loading=\"lazy\" decoding=\"async\" width=\"1280\" height=\"622\" src=\"https:\/\/centralmedia.rs\/wp-content\/uploads\/2019\/03\/noufest2.jpg\" class=\"attachment-full size-full\" alt=\"\" srcset=\"https:\/\/centralmedia.rs\/wp-content\/uploads\/2019\/03\/noufest2.jpg 1280w, https:\/\/centralmedia.rs\/wp-content\/uploads\/2019\/03\/noufest2-300x146.jpg 300w, https:\/\/centralmedia.rs\/wp-content\/uploads\/2019\/03\/noufest2-768x373.jpg 768w, https:\/\/centralmedia.rs\/wp-content\/uploads\/2019\/03\/noufest2-1024x498.jpg 1024w, https:\/\/centralmedia.rs\/wp-content\/uploads\/2019\/03\/noufest2-864x420.jpg 864w, https:\/\/centralmedia.rs\/wp-content\/uploads\/2019\/03\/noufest2-640x311.jpg 640w, https:\/\/centralmedia.rs\/wp-content\/uploads\/2019\/03\/noufest2-681x331.jpg 681w\" sizes=\"(max-width: 1280px) 100vw, 1280px\" \/><\/a>\n\t\t\t<\/div><\/figure><figure class='gallery-item'>\n\t\t\t<div class='gallery-icon landscape'>\n\t\t\t\t<a href='https:\/\/centralmedia.rs\/index.php\/2019\/03\/15\/cuprija-grad-obrazovanja-rekordan-broj-posetilaca\/noufest3\/'><img loading=\"lazy\" decoding=\"async\" width=\"1280\" height=\"622\" src=\"https:\/\/centralmedia.rs\/wp-content\/uploads\/2019\/03\/noufest3.jpg\" class=\"attachment-full size-full\" alt=\"\" srcset=\"https:\/\/centralmedia.rs\/wp-content\/uploads\/2019\/03\/noufest3.jpg 1280w, https:\/\/centralmedia.rs\/wp-content\/uploads\/2019\/03\/noufest3-300x146.jpg 300w, https:\/\/centralmedia.rs\/wp-content\/uploads\/2019\/03\/noufest3-768x373.jpg 768w, https:\/\/centralmedia.rs\/wp-content\/uploads\/2019\/03\/noufest3-1024x498.jpg 1024w, https:\/\/centralmedia.rs\/wp-content\/uploads\/2019\/03\/noufest3-864x420.jpg 864w, https:\/\/centralmedia.rs\/wp-content\/uploads\/2019\/03\/noufest3-640x311.jpg 640w, https:\/\/centralmedia.rs\/wp-content\/uploads\/2019\/03\/noufest3-681x331.jpg 681w\" sizes=\"(max-width: 1280px) 100vw, 1280px\" \/><\/a>\n\t\t\t<\/div><\/figure>\n\t\t<\/div>\n\n<p>&#8211; Festivalska atmosfera na Noufestu, sve srednje \u0161kole su drugog dana predstavljale svoje programe, obezbe\u0111en je besplatan prevoz za u\u010denike uz Jagodine i Para\u0107ina. Ve\u0107i broj posetilaca i ve\u0107i broj u\u010desnika, preko 80, uticali su na to sa sajam obrazovanja bude najbolji do sada, ka\u017ee Arsi\u0107.<\/p>\n<p>U\u010denici su se interesovali za elektrotehni\u010dke \u0161kole, IT smerove, gimnazije, poljoprivredne \u0161kole.<\/p>\n<p>&#8211; U\u010denici \u0107e ovde doneti odluku gde \u0107e nastaviti \u0161kolovanje. Pored \u0161kola i fakulteta, organizovana su zanimljiva predavanja, dodao je Arsi\u0107.<\/p>\n","protected":false},"excerpt":{"rendered":"<p>\u0106UPRIJA- Ovogodi\u0161nji sajam obrazovanja 7. Noufest u \u0106upriji posetilo je preko 5.000 budu\u0107ih u\u010denika srednjih \u0161kola i fakulteta, \u0161to je duplo vi\u0161e nego proteklih godina, &hellip; <\/p>\n","protected":false},"author":2,"featured_media":16703,"comment_status":"open","ping_status":"open","sticky":false,"template":"","format":"standard","meta":{"footnotes":""},"categories":[1515,14,1524,2,12],"tags":[44,2675],"_links":{"self":[{"href":"https:\/\/centralmedia.rs\/index.php\/wp-json\/wp\/v2\/posts\/16702"}],"collection":[{"href":"https:\/\/centralmedia.rs\/index.php\/wp-json\/wp\/v2\/posts"}],"about":[{"href":"https:\/\/centralmedia.rs\/index.php\/wp-json\/wp\/v2\/types\/post"}],"author":[{"embeddable":true,"href":"https:\/\/centralmedia.rs\/index.php\/wp-json\/wp\/v2\/users\/2"}],"replies":[{"embeddable":true,"href":"https:\/\/centralmedia.rs\/index.php\/wp-json\/wp\/v2\/comments?post=16702"}],"version-history":[{"count":1,"href":"https:\/\/centralmedia.rs\/index.php\/wp-json\/wp\/v2\/posts\/16702\/revisions"}],"predecessor-version":[{"id":16707,"href":"https:\/\/centralmedia.rs\/index.php\/wp-json\/wp\/v2\/posts\/16702\/revisions\/16707"}],"wp:featuredmedia":[{"embeddable":true,"href":"https:\/\/centralmedia.rs\/index.php\/wp-json\/wp\/v2\/media\/16703"}],"wp:attachment":[{"href":"https:\/\/centralmedia.rs\/index.php\/wp-json\/wp\/v2\/media?parent=16702"}],"wp:term":[{"taxonomy":"category","embeddable":true,"href":"https:\/\/centralmedia.rs\/index.php\/wp-json\/wp\/v2\/categories?post=16702"},{"taxonomy":"post_tag","embeddable":true,"href":"https:\/\/centralmedia.rs\/index.php\/wp-json\/wp\/v2\/tags?post=16702"}],"curies":[{"name":"wp","href":"https:\/\/api.w.org\/{rel}","templated":true}]}}