{"id":1673,"date":"2015-12-26T17:33:56","date_gmt":"2015-12-26T17:33:56","guid":{"rendered":"http:\/\/centralmedia.rs\/?p=1673"},"modified":"2015-12-26T18:14:16","modified_gmt":"2015-12-26T18:14:16","slug":"vulin-otvorio-kucu-na-pola-puta","status":"publish","type":"post","link":"https:\/\/centralmedia.rs\/index.php\/2015\/12\/26\/vulin-otvorio-kucu-na-pola-puta\/","title":{"rendered":"VULIN OTVORIO ,,KU\u0106U NA POLA PUTA\u201d"},"content":{"rendered":"<p>SRBIJA PRVA U HRANITELJSTVU U EVROPI<br \/>\n\u0106UPRIJA-Ministar za rad, zapo\u0161ljavanje, bora\u010dka i socijalna pitanja Aleksandar Vulin otvorio je ,,Ku\u0107u na pola puta\u201d renovirane prostorije Centra za porodi\u010dni sme\u0161taj i usvojenje u \u0106upriji, gde \u0107e \u017eiveti devojke i mladi\u0107i koji izlaze iz hraniteljskih prodica do osamostaljenja. U projekat je ulo\u017eeno 1,4 miliona dinara, a ministra Vulina je u gradu na Moravi do\u010dekalo preko sto pristalica Pokreta socijalista. On je dodao da je Srbija po broju dece u hraniteljskim porodicama prva u Evropi i ima  vi\u0161e od 6.000 dece bez roditeljskog staranja, od kojih se 800 nalazi u institucijama, dok su ostali u hraniteljskim porodicama.<br \/>\n<a href=\"https:\/\/centralmedia.rs\/wp-content\/uploads\/2015\/12\/dolazak-vulinaa.jpg\" rel=\"attachment wp-att-1675\"><img loading=\"lazy\" decoding=\"async\" src=\"https:\/\/centralmedia.rs\/wp-content\/uploads\/2015\/12\/dolazak-vulinaa-300x172.jpg\" alt=\"dolazak vulinaa\" width=\"300\" height=\"172\" class=\"alignnone size-medium wp-image-1675\" srcset=\"https:\/\/centralmedia.rs\/wp-content\/uploads\/2015\/12\/dolazak-vulinaa-300x172.jpg 300w, https:\/\/centralmedia.rs\/wp-content\/uploads\/2015\/12\/dolazak-vulinaa-768x440.jpg 768w, https:\/\/centralmedia.rs\/wp-content\/uploads\/2015\/12\/dolazak-vulinaa-1024x587.jpg 1024w, https:\/\/centralmedia.rs\/wp-content\/uploads\/2015\/12\/dolazak-vulinaa.jpg 1199w\" sizes=\"(max-width: 300px) 100vw, 300px\" \/><\/a><br \/>\n-To pokazuje koliki je zna\u010daj hraniteljstva za na\u0161 sistem i da je to zasluga svih hranitelja koji svoju energiju i emocije daruju deci bez roditeljskog staranja. rekao je Vulin.<br \/>\nKako je rekao, to je najbolji na\u010din, posle biolo\u0161ke porodice, za brigu o deci i poru\u010dio da \u0107e se Ministarstvo boriti da, pre svega, oja\u010da biolo\u0161ku porodicu.<br \/>\n<a href=\"https:\/\/centralmedia.rs\/wp-content\/uploads\/2015\/12\/secenje-vrpce-cuprija-g.j..jpg\" rel=\"attachment wp-att-1676\"><img loading=\"lazy\" decoding=\"async\" src=\"https:\/\/centralmedia.rs\/wp-content\/uploads\/2015\/12\/secenje-vrpce-cuprija-g.j.-234x300.jpg\" alt=\"secenje vrpce-cuprija-g.j.\" width=\"234\" height=\"300\" class=\"alignnone size-medium wp-image-1676\" srcset=\"https:\/\/centralmedia.rs\/wp-content\/uploads\/2015\/12\/secenje-vrpce-cuprija-g.j.-234x300.jpg 234w, https:\/\/centralmedia.rs\/wp-content\/uploads\/2015\/12\/secenje-vrpce-cuprija-g.j.-768x986.jpg 768w, https:\/\/centralmedia.rs\/wp-content\/uploads\/2015\/12\/secenje-vrpce-cuprija-g.j.-798x1024.jpg 798w, https:\/\/centralmedia.rs\/wp-content\/uploads\/2015\/12\/secenje-vrpce-cuprija-g.j..jpg 972w\" sizes=\"(max-width: 234px) 100vw, 234px\" \/><\/a><br \/>\nU adaptaciju prostora ulo\u017eeno je 600.000 dinara koje su obezbedili donatori, dok je Ministarstvo za rad, zapo\u0161ljavanje, bora\u010dka i socijalna pitanja obezbedilo 800.000 dinara za rekonstrukciju krova.<br \/>\nProstorije Centra adaptirane su u okviru projekta &#8220;Ku\u0107a na pola puta&#8221;, a prostor obuhvata oko 100 kvadratnih metara, spava\u0107e sobe, dnevnu sobu, kuhinju sa trpezarijom i kupatilo.<br \/>\nPrema re\u010dima ministra Vulina, &#8220;Ku\u0107a na pola puta&#8221; je projekat koji je usmeren na pomo\u0107 deci &#8220;u najosetljivije vreme, kada se zavr\u0161i period njihovog boravka u ustanovama i hraniteljskim porodicama&#8221;.<br \/>\n-Gde \u0107e ta deca bez roditelja i podr\u0161ke? Ovo je dobar na\u010din da im se pomogne, rekao je Vulin i dodao da ga posebno raduje najava lokalnih vlasti u \u0106upriji da \u0107e deca iz hraniteljskih porodica imati prioritet pri zapo\u0161ljavanju.<br \/>\n<a href=\"https:\/\/centralmedia.rs\/wp-content\/uploads\/2015\/12\/vulin.jpg\" rel=\"attachment wp-att-1677\"><img loading=\"lazy\" decoding=\"async\" src=\"https:\/\/centralmedia.rs\/wp-content\/uploads\/2015\/12\/vulin-300x165.jpg\" alt=\"vulin\" width=\"300\" height=\"165\" class=\"alignnone size-medium wp-image-1677\" srcset=\"https:\/\/centralmedia.rs\/wp-content\/uploads\/2015\/12\/vulin-300x165.jpg 300w, https:\/\/centralmedia.rs\/wp-content\/uploads\/2015\/12\/vulin-768x422.jpg 768w, https:\/\/centralmedia.rs\/wp-content\/uploads\/2015\/12\/vulin.jpg 900w\" sizes=\"(max-width: 300px) 100vw, 300px\" \/><\/a><br \/>\nMinistar je rekao i da mu je drago \u0161to je Minstarstvo obezbedilo novac za radove, kao i \u0161to su se uklju\u010dili donatori.<br \/>\nVulin je pozvao ostale privrednike da deo svog profita usmere na pomo\u0107 deci.<br \/>\n&#8220;Ku\u0107a na pola puta&#8221; je usluga socijalne za\u0161tite \u010diji je cilj smanjenje socijalne izolacije i ugro\u017eenosti dece bez roditeljskog staranja i dece sa problemom u pona\u0161anju po prestanku tretmana u ustanovama socijalne za\u0161tite.<\/p>\n","protected":false},"excerpt":{"rendered":"<p>SRBIJA PRVA U HRANITELJSTVU U EVROPI \u0106UPRIJA-Ministar za rad, zapo\u0161ljavanje, bora\u010dka i socijalna pitanja Aleksandar Vulin otvorio je ,,Ku\u0107u na pola puta\u201d renovirane prostorije Centra &hellip; <\/p>\n","protected":false},"author":4,"featured_media":1674,"comment_status":"open","ping_status":"open","sticky":false,"template":"","format":"standard","meta":{"footnotes":""},"categories":[2,13,12],"tags":[207,44,144],"_links":{"self":[{"href":"https:\/\/centralmedia.rs\/index.php\/wp-json\/wp\/v2\/posts\/1673"}],"collection":[{"href":"https:\/\/centralmedia.rs\/index.php\/wp-json\/wp\/v2\/posts"}],"about":[{"href":"https:\/\/centralmedia.rs\/index.php\/wp-json\/wp\/v2\/types\/post"}],"author":[{"embeddable":true,"href":"https:\/\/centralmedia.rs\/index.php\/wp-json\/wp\/v2\/users\/4"}],"replies":[{"embeddable":true,"href":"https:\/\/centralmedia.rs\/index.php\/wp-json\/wp\/v2\/comments?post=1673"}],"version-history":[{"count":0,"href":"https:\/\/centralmedia.rs\/index.php\/wp-json\/wp\/v2\/posts\/1673\/revisions"}],"wp:featuredmedia":[{"embeddable":true,"href":"https:\/\/centralmedia.rs\/index.php\/wp-json\/wp\/v2\/media\/1674"}],"wp:attachment":[{"href":"https:\/\/centralmedia.rs\/index.php\/wp-json\/wp\/v2\/media?parent=1673"}],"wp:term":[{"taxonomy":"category","embeddable":true,"href":"https:\/\/centralmedia.rs\/index.php\/wp-json\/wp\/v2\/categories?post=1673"},{"taxonomy":"post_tag","embeddable":true,"href":"https:\/\/centralmedia.rs\/index.php\/wp-json\/wp\/v2\/tags?post=1673"}],"curies":[{"name":"wp","href":"https:\/\/api.w.org\/{rel}","templated":true}]}}