{"id":16741,"date":"2019-03-21T00:06:03","date_gmt":"2019-03-21T00:06:03","guid":{"rendered":"http:\/\/centralmedia.rs\/?p=16741"},"modified":"2019-03-22T19:20:18","modified_gmt":"2019-03-22T19:20:18","slug":"20-godina-od-nato-agresije-na-srbiju-tribine-u-vms-i-kpz-u-cupriji","status":"publish","type":"post","link":"https:\/\/centralmedia.rs\/index.php\/2019\/03\/21\/20-godina-od-nato-agresije-na-srbiju-tribine-u-vms-i-kpz-u-cupriji\/","title":{"rendered":"20 GODINA OD NATO AGRESIJE NA SRBIJU &#8211; Tribine u VM\u0160 i KPZ u \u0106upriji"},"content":{"rendered":"<p>\u0106UPRIJA- U \u010detvrtak u 11 sati u amfiteatru Visoke medicinske \u0161kole strukovnih studija u \u0106upriji bi\u0107e odr\u017eana tribina u sklopu obele\u017eavanja Dana se\u0107anja, 20 godina od NATO agresije, u organizaciji Udru\u017eenja vojnih penzionera Srbije, Op\u0161tinski odbor \u0106uprija.<\/p>\n<p>Istim povodom u KPZ u \u0106upriji u ponedeljak 25. marta u 16 sati bi\u0107e odr\u017eana tribina na kojoj \u0107e govoriti general potpukovnik Ljubomir Aran\u0111elovi\u0107 i publicista potpukovnik Du\u0161an Stamenkovi\u0107.<\/p>\n<div id='gallery-1' class='gallery galleryid-16741 gallery-columns-2 gallery-size-full'><figure class='gallery-item'>\n\t\t\t<div class='gallery-icon portrait'>\n\t\t\t\t<a href='https:\/\/centralmedia.rs\/index.php\/2019\/03\/21\/20-godina-od-nato-agresije-na-srbiju-tribine-u-vms-i-kpz-u-cupriji\/plakat-bombardovanje-kpz\/'><img loading=\"lazy\" decoding=\"async\" width=\"3512\" height=\"4950\" src=\"https:\/\/centralmedia.rs\/wp-content\/uploads\/2019\/03\/PLAKAT-BOMBARDOVANJE-KPZ.jpg\" class=\"attachment-full size-full\" alt=\"\" srcset=\"https:\/\/centralmedia.rs\/wp-content\/uploads\/2019\/03\/PLAKAT-BOMBARDOVANJE-KPZ.jpg 3512w, https:\/\/centralmedia.rs\/wp-content\/uploads\/2019\/03\/PLAKAT-BOMBARDOVANJE-KPZ-213x300.jpg 213w, https:\/\/centralmedia.rs\/wp-content\/uploads\/2019\/03\/PLAKAT-BOMBARDOVANJE-KPZ-768x1082.jpg 768w, https:\/\/centralmedia.rs\/wp-content\/uploads\/2019\/03\/PLAKAT-BOMBARDOVANJE-KPZ-727x1024.jpg 727w, https:\/\/centralmedia.rs\/wp-content\/uploads\/2019\/03\/PLAKAT-BOMBARDOVANJE-KPZ-298x420.jpg 298w, https:\/\/centralmedia.rs\/wp-content\/uploads\/2019\/03\/PLAKAT-BOMBARDOVANJE-KPZ-640x902.jpg 640w, https:\/\/centralmedia.rs\/wp-content\/uploads\/2019\/03\/PLAKAT-BOMBARDOVANJE-KPZ-681x960.jpg 681w\" sizes=\"(max-width: 3512px) 100vw, 3512px\" \/><\/a>\n\t\t\t<\/div><\/figure><figure class='gallery-item'>\n\t\t\t<div class='gallery-icon portrait'>\n\t\t\t\t<a href='https:\/\/centralmedia.rs\/index.php\/2019\/03\/21\/20-godina-od-nato-agresije-na-srbiju-tribine-u-vms-i-kpz-u-cupriji\/plakat-bombardovanje-vms\/'><img loading=\"lazy\" decoding=\"async\" width=\"2800\" height=\"4000\" src=\"https:\/\/centralmedia.rs\/wp-content\/uploads\/2019\/03\/Plakat-bombardovanje-VMS.jpg\" class=\"attachment-full size-full\" alt=\"\" srcset=\"https:\/\/centralmedia.rs\/wp-content\/uploads\/2019\/03\/Plakat-bombardovanje-VMS.jpg 2800w, https:\/\/centralmedia.rs\/wp-content\/uploads\/2019\/03\/Plakat-bombardovanje-VMS-210x300.jpg 210w, https:\/\/centralmedia.rs\/wp-content\/uploads\/2019\/03\/Plakat-bombardovanje-VMS-768x1097.jpg 768w, https:\/\/centralmedia.rs\/wp-content\/uploads\/2019\/03\/Plakat-bombardovanje-VMS-717x1024.jpg 717w, https:\/\/centralmedia.rs\/wp-content\/uploads\/2019\/03\/Plakat-bombardovanje-VMS-294x420.jpg 294w, https:\/\/centralmedia.rs\/wp-content\/uploads\/2019\/03\/Plakat-bombardovanje-VMS-640x914.jpg 640w, https:\/\/centralmedia.rs\/wp-content\/uploads\/2019\/03\/Plakat-bombardovanje-VMS-681x973.jpg 681w\" sizes=\"(max-width: 2800px) 100vw, 2800px\" \/><\/a>\n\t\t\t<\/div><\/figure>\n\t\t<\/div>\n\n","protected":false},"excerpt":{"rendered":"<p>\u0106UPRIJA- U \u010detvrtak u 11 sati u amfiteatru Visoke medicinske \u0161kole strukovnih studija u \u0106upriji bi\u0107e odr\u017eana tribina u sklopu obele\u017eavanja Dana se\u0107anja, 20 godina &hellip; <\/p>\n","protected":false},"author":2,"featured_media":16742,"comment_status":"open","ping_status":"open","sticky":false,"template":"","format":"standard","meta":{"footnotes":""},"categories":[1515,14,1524,2,12],"tags":[44,3569],"_links":{"self":[{"href":"https:\/\/centralmedia.rs\/index.php\/wp-json\/wp\/v2\/posts\/16741"}],"collection":[{"href":"https:\/\/centralmedia.rs\/index.php\/wp-json\/wp\/v2\/posts"}],"about":[{"href":"https:\/\/centralmedia.rs\/index.php\/wp-json\/wp\/v2\/types\/post"}],"author":[{"embeddable":true,"href":"https:\/\/centralmedia.rs\/index.php\/wp-json\/wp\/v2\/users\/2"}],"replies":[{"embeddable":true,"href":"https:\/\/centralmedia.rs\/index.php\/wp-json\/wp\/v2\/comments?post=16741"}],"version-history":[{"count":1,"href":"https:\/\/centralmedia.rs\/index.php\/wp-json\/wp\/v2\/posts\/16741\/revisions"}],"predecessor-version":[{"id":16744,"href":"https:\/\/centralmedia.rs\/index.php\/wp-json\/wp\/v2\/posts\/16741\/revisions\/16744"}],"wp:featuredmedia":[{"embeddable":true,"href":"https:\/\/centralmedia.rs\/index.php\/wp-json\/wp\/v2\/media\/16742"}],"wp:attachment":[{"href":"https:\/\/centralmedia.rs\/index.php\/wp-json\/wp\/v2\/media?parent=16741"}],"wp:term":[{"taxonomy":"category","embeddable":true,"href":"https:\/\/centralmedia.rs\/index.php\/wp-json\/wp\/v2\/categories?post=16741"},{"taxonomy":"post_tag","embeddable":true,"href":"https:\/\/centralmedia.rs\/index.php\/wp-json\/wp\/v2\/tags?post=16741"}],"curies":[{"name":"wp","href":"https:\/\/api.w.org\/{rel}","templated":true}]}}