{"id":16755,"date":"2019-03-22T19:07:50","date_gmt":"2019-03-22T19:07:50","guid":{"rendered":"http:\/\/centralmedia.rs\/?p=16755"},"modified":"2019-03-28T01:19:59","modified_gmt":"2019-03-28T01:19:59","slug":"saopstenje-1od5miliona-jagodina","status":"publish","type":"post","link":"https:\/\/centralmedia.rs\/index.php\/2019\/03\/22\/saopstenje-1od5miliona-jagodina\/","title":{"rendered":"SAOP\u0160TENJE #1OD5MILIONA JAGODINA"},"content":{"rendered":"<p>JAGODINA- Jedan od organizatora protesta #1od5miliona u Jagodini, Sa\u0161a \u017divkovi\u0107 Rika, je nakon vi\u0161e od \u010detiri godine rada u firmi Protecta Group, zaposlen na radnom mestu obezbe\u0111enje, dobio otkaz zaklju\u010dno sa 31.martom, stoji u saop\u0161tenju organizatora protesta.<\/p>\n<p>-Kako za prethodni period proveden na radu u Protecta Group, gore pomenuti Sa\u0161a \u017divkovi\u0107 nije imao nikakvih manjkavosti u radu, nikakve disciplinske postupke, smatramo da je Sa\u0161a \u017divkovi\u0107 KA\u017dNJEN merom neprodu\u017eavanja ugovora o radu zbog svog aktivnog delovanja u protestima. U prilog na\u0161oj sumnji govori i \u010dinjenica da je pretpostavljeni u Jagodini za Protecta Group blagovremeno pripremio akta za produ\u017eenje ugovora o radu Sa\u0161i \u017divkovi\u0107u, ali da mu je iz sedi\u0161ta Protecta Group stigla instrukcija da se za pomenutog \u017divkovi\u0107a na dalje ne produ\u017eava ugovor o radu, navodi se u saop\u0161tenju organizatora protesta.<\/p>\n","protected":false},"excerpt":{"rendered":"<p>JAGODINA- Jedan od organizatora protesta #1od5miliona u Jagodini, Sa\u0161a \u017divkovi\u0107 Rika, je nakon vi\u0161e od \u010detiri godine rada u firmi Protecta Group, zaposlen na radnom &hellip; <\/p>\n","protected":false},"author":2,"featured_media":16630,"comment_status":"open","ping_status":"open","sticky":false,"template":"","format":"standard","meta":{"footnotes":""},"categories":[1524,2,1514,13,12],"tags":[3519,58,3571],"_links":{"self":[{"href":"https:\/\/centralmedia.rs\/index.php\/wp-json\/wp\/v2\/posts\/16755"}],"collection":[{"href":"https:\/\/centralmedia.rs\/index.php\/wp-json\/wp\/v2\/posts"}],"about":[{"href":"https:\/\/centralmedia.rs\/index.php\/wp-json\/wp\/v2\/types\/post"}],"author":[{"embeddable":true,"href":"https:\/\/centralmedia.rs\/index.php\/wp-json\/wp\/v2\/users\/2"}],"replies":[{"embeddable":true,"href":"https:\/\/centralmedia.rs\/index.php\/wp-json\/wp\/v2\/comments?post=16755"}],"version-history":[{"count":3,"href":"https:\/\/centralmedia.rs\/index.php\/wp-json\/wp\/v2\/posts\/16755\/revisions"}],"predecessor-version":[{"id":16762,"href":"https:\/\/centralmedia.rs\/index.php\/wp-json\/wp\/v2\/posts\/16755\/revisions\/16762"}],"wp:featuredmedia":[{"embeddable":true,"href":"https:\/\/centralmedia.rs\/index.php\/wp-json\/wp\/v2\/media\/16630"}],"wp:attachment":[{"href":"https:\/\/centralmedia.rs\/index.php\/wp-json\/wp\/v2\/media?parent=16755"}],"wp:term":[{"taxonomy":"category","embeddable":true,"href":"https:\/\/centralmedia.rs\/index.php\/wp-json\/wp\/v2\/categories?post=16755"},{"taxonomy":"post_tag","embeddable":true,"href":"https:\/\/centralmedia.rs\/index.php\/wp-json\/wp\/v2\/tags?post=16755"}],"curies":[{"name":"wp","href":"https:\/\/api.w.org\/{rel}","templated":true}]}}