{"id":16757,"date":"2019-03-22T19:10:27","date_gmt":"2019-03-22T19:10:27","guid":{"rendered":"http:\/\/centralmedia.rs\/?p=16757"},"modified":"2019-03-28T01:20:07","modified_gmt":"2019-03-28T01:20:07","slug":"napad-vode-protesta-jedan-od-pet-miliona-u-jagodini-na-predsednika-sns-u-jagodini","status":"publish","type":"post","link":"https:\/\/centralmedia.rs\/index.php\/2019\/03\/22\/napad-vode-protesta-jedan-od-pet-miliona-u-jagodini-na-predsednika-sns-u-jagodini\/","title":{"rendered":"NAPAD VO\u0110E PROTESTA \u201eJEDAN OD PET MILIONA\u201c U JAGODINI NA PREDSEDNIKA SNS U JAGODINI"},"content":{"rendered":"<p>JAGODINA- Predsednik Gradskog odbora Srpske napredne stranke u Jagodini Nikola Radosavljevi\u0107 podneo je prijavu policiji protiv Sa\u0161e \u017divkovi\u0107a zbog upu\u0107enih pretnji i uvreda na njegov ra\u010dun.<\/p>\n<p>-Danas u 13:30, vo\u0111a protesta \u201eJedan od 5 miliona\u201c u Jagodini, Sa\u0161a \u017divkovi\u0107 u\u0161ao neovla\u0161\u0107eno na moje radno mesto i po\u0161to me nije zatekao, uputio niz pretnji i uvreda na moj ra\u010dun, gde su zaposleni, koji su bili na licu mesta, do\u017eiveli stres i veliku neprijatnost, jer namera njegova bila je da isprovocira i obra\u010duna se sa mnom, izjavio je Radosavljevi\u0107 i dodao da \u017divkovi\u0107, koji nije radnik Javnog preduze\u0107a \u201ePo\u0161te Srbije\u201c, ve\u0107 radi u privatnom obezbe\u0111enju, koje je \u201ePo\u0161ta\u201c u Jagodini anga\u017eovala, zloupotrebio je slu\u017ebenog radnika JP \u201ePo\u0161ta Srbije\u201c, odnosno kurira, i zajedno sa njjim neovla\u0161\u0107eno u\u0161ao u slu\u017ebene prostorije Republi\u010dkog Fonda zdravstvenog osiguranja i po\u010deo da vi\u010de i preti i uputio psovke njemu i zaposlenima.<\/p>\n<p>Predsednik Gradskog odbora Srpske naprede stranke u Jagodini, Nikola Radosavljevi\u0107 je potvrdio da mu je \u017divkovi\u0107 pre \u010detiri dana preko kuma, tako\u0111e, uputio pretnje, rekav\u0161i da zna gde mi je ku\u0107a i da \u0107e da vidi.<\/p>\n<p>&#8211; Ovo je drugi put u nekoliko dana da mi takozvani vo\u0111a protesta \u201eJedan od 5 mliona\u201c u Jagodini preti, a povod mu je sigurno podr\u0161ka koju je Gradski odbor Srpske napredne stranke dao predsedniku na\u0161e stranke i predsedniku Srbije Aleksandru Vu\u010di\u0107u, nakon upada na RTS i poku\u0161aja nasilnog ulaska u predsedni\u0161tvo Srbije. Ceo slu\u010daj je prijavljen Policijskoj upravi u Jagodini i ja molim nadle\u017ene organe svakog gra\u0111anina Jagodine i Srbije, podjednako za\u0161tite od nasilnika, kakav je vo\u0111a protesta \u201eJedan od 5 miliona u Jagodini\u201c i njegovi mentori u Beogradu, poru\u010dio je Radosavljevi\u0107. \u201eOvo je jo\u0161 jedan primer ko predstalja normalnu, a ko nasilnu Srbiju, kakva siguran sam Srbija nikada ne\u0107e biti, zaklju\u010dio je \u00a0Radosavljevi\u0107.<\/p>\n","protected":false},"excerpt":{"rendered":"<p>JAGODINA- Predsednik Gradskog odbora Srpske napredne stranke u Jagodini Nikola Radosavljevi\u0107 podneo je prijavu policiji protiv Sa\u0161e \u017divkovi\u0107a zbog upu\u0107enih pretnji i uvreda na njegov &hellip; <\/p>\n","protected":false},"author":2,"featured_media":16758,"comment_status":"open","ping_status":"open","sticky":false,"template":"","format":"standard","meta":{"footnotes":""},"categories":[1524,2,1514,13,12],"tags":[58,2055,136],"_links":{"self":[{"href":"https:\/\/centralmedia.rs\/index.php\/wp-json\/wp\/v2\/posts\/16757"}],"collection":[{"href":"https:\/\/centralmedia.rs\/index.php\/wp-json\/wp\/v2\/posts"}],"about":[{"href":"https:\/\/centralmedia.rs\/index.php\/wp-json\/wp\/v2\/types\/post"}],"author":[{"embeddable":true,"href":"https:\/\/centralmedia.rs\/index.php\/wp-json\/wp\/v2\/users\/2"}],"replies":[{"embeddable":true,"href":"https:\/\/centralmedia.rs\/index.php\/wp-json\/wp\/v2\/comments?post=16757"}],"version-history":[{"count":1,"href":"https:\/\/centralmedia.rs\/index.php\/wp-json\/wp\/v2\/posts\/16757\/revisions"}],"predecessor-version":[{"id":16759,"href":"https:\/\/centralmedia.rs\/index.php\/wp-json\/wp\/v2\/posts\/16757\/revisions\/16759"}],"wp:featuredmedia":[{"embeddable":true,"href":"https:\/\/centralmedia.rs\/index.php\/wp-json\/wp\/v2\/media\/16758"}],"wp:attachment":[{"href":"https:\/\/centralmedia.rs\/index.php\/wp-json\/wp\/v2\/media?parent=16757"}],"wp:term":[{"taxonomy":"category","embeddable":true,"href":"https:\/\/centralmedia.rs\/index.php\/wp-json\/wp\/v2\/categories?post=16757"},{"taxonomy":"post_tag","embeddable":true,"href":"https:\/\/centralmedia.rs\/index.php\/wp-json\/wp\/v2\/tags?post=16757"}],"curies":[{"name":"wp","href":"https:\/\/api.w.org\/{rel}","templated":true}]}}